{"id":924,"date":"2018-06-14T21:11:00","date_gmt":"2018-06-14T20:11:00","guid":{"rendered":"http:\/\/wp-asi.carlosarc.com\/?p=924"},"modified":"2018-06-26T18:48:39","modified_gmt":"2018-06-26T17:48:39","slug":"proyecto-de-renovacion-urbana-en-varias-calles-del-barrio-centro-de-alhendin-granada","status":"publish","type":"post","link":"https:\/\/www.asitec-sl.com\/en\/proyecto-de-renovacion-urbana-en-varias-calles-del-barrio-centro-de-alhendin-granada\/","title":{"rendered":"Proyecto de renovaci\u00f3n urbana en varias calles del barrio centro de Alhend\u00edn (Granada)"},"content":{"rendered":"<p><img loading=\"lazy\" decoding=\"async\" class=\"aligncenter size-full wp-image-914\" src=\"http:\/\/wp-asi.carlosarc.com\/wp-content\/uploads\/2018\/06\/034.jpg\" alt=\"renovaci\u00f3n urbana alhend\u00edn granada agua\" width=\"900\" height=\"643\" srcset=\"https:\/\/www.asitec-sl.com\/wp-content\/uploads\/2018\/06\/034.jpg 900w, https:\/\/www.asitec-sl.com\/wp-content\/uploads\/2018\/06\/034-300x214.jpg 300w, https:\/\/www.asitec-sl.com\/wp-content\/uploads\/2018\/06\/034-768x549.jpg 768w\" sizes=\"(max-width: 900px) 100vw, 900px\" \/><\/p>\n<p>Dise\u00f1o y c\u00e1lculo de la red de distribuci\u00f3n de agua potable del casco hist\u00f3rico del municipio de Alhend\u00edn, consisitente en la colocaci\u00f3n de nuevas tuber\u00edas de fundici\u00f3n, con una longitud total de 862 ml., as\u00ed como sus correspondientes piezas especiales.<\/p>\n<p><strong>Fecha<\/strong>: julio 2010<\/p>","protected":false},"excerpt":{"rendered":"<p>Dise\u00f1o y c\u00e1lculo de la red de distribuci\u00f3n de agua potable del casco hist\u00f3rico del municipio de Alhend\u00edn, consisitente en la colocaci\u00f3n de nuevas tuber\u00edas de fundici\u00f3n, con una longitud total de 862 ml., as\u00ed como sus correspondientes piezas especiales.<\/p>","protected":false},"author":2,"featured_media":914,"comment_status":"closed","ping_status":"closed","sticky":false,"template":"","format":"standard","meta":{"footnotes":""},"categories":[25],"tags":[],"class_list":["post-924","post","type-post","status-publish","format-standard","has-post-thumbnail","hentry","category-obras-hidraulicas"],"yoast_head":"<!-- This site is optimized with the Yoast SEO plugin v23.3 - https:\/\/yoast.com\/wordpress\/plugins\/seo\/ -->\n<title>Proyecto de renovaci\u00f3n urbana en varias calles del barrio centro de Alhend\u00edn (Granada) - Asitec<\/title>\n<meta name=\"robots\" content=\"index, follow, max-snippet:-1, max-image-preview:large, max-video-preview:-1\" \/>\n<link rel=\"canonical\" href=\"https:\/\/www.asitec-sl.com\/en\/proyecto-de-renovacion-urbana-en-varias-calles-del-barrio-centro-de-alhendin-granada\/\" \/>\n<meta property=\"og:locale\" content=\"en_GB\" \/>\n<meta property=\"og:type\" content=\"article\" \/>\n<meta property=\"og:title\" content=\"Proyecto de renovaci\u00f3n urbana en varias calles del barrio centro de Alhend\u00edn (Granada) - Asitec\" \/>\n<meta property=\"og:description\" content=\"Dise\u00f1o y c\u00e1lculo de la red de distribuci\u00f3n de agua potable del casco hist\u00f3rico del municipio de Alhend\u00edn, consisitente en la colocaci\u00f3n de nuevas tuber\u00edas de fundici\u00f3n, con una longitud total de 862 ml., as\u00ed como sus correspondientes piezas especiales.\" \/>\n<meta property=\"og:url\" content=\"https:\/\/www.asitec-sl.com\/en\/proyecto-de-renovacion-urbana-en-varias-calles-del-barrio-centro-de-alhendin-granada\/\" \/>\n<meta property=\"og:site_name\" content=\"Asitec\" \/>\n<meta property=\"article:publisher\" content=\"https:\/\/www.facebook.com\/AsitecSL-1487006038267232\/\" \/>\n<meta property=\"article:published_time\" content=\"2018-06-14T20:11:00+00:00\" \/>\n<meta property=\"article:modified_time\" content=\"2018-06-26T17:48:39+00:00\" \/>\n<meta property=\"og:image\" content=\"https:\/\/www.asitec-sl.com\/wp-content\/uploads\/2018\/06\/034.jpg\" \/>\n\t<meta property=\"og:image:width\" content=\"900\" \/>\n\t<meta property=\"og:image:height\" content=\"643\" \/>\n\t<meta property=\"og:image:type\" content=\"image\/jpeg\" \/>\n<meta name=\"author\" content=\"ASITEC\" \/>\n<meta name=\"twitter:card\" content=\"summary_large_image\" \/>\n<meta name=\"twitter:label1\" content=\"Written by\" \/>\n\t<meta name=\"twitter:data1\" content=\"ASITEC\" \/>\n<script type=\"application\/ld+json\" class=\"yoast-schema-graph\">{\"@context\":\"https:\/\/schema.org\",\"@graph\":[{\"@type\":\"Article\",\"@id\":\"https:\/\/www.asitec-sl.com\/en\/proyecto-de-renovacion-urbana-en-varias-calles-del-barrio-centro-de-alhendin-granada\/#article\",\"isPartOf\":{\"@id\":\"https:\/\/www.asitec-sl.com\/en\/proyecto-de-renovacion-urbana-en-varias-calles-del-barrio-centro-de-alhendin-granada\/\"},\"author\":{\"name\":\"ASITEC\",\"@id\":\"https:\/\/www.asitec-sl.com\/#\/schema\/person\/558d0e40562d1be7b8f9071aa6266749\"},\"headline\":\"Proyecto de renovaci\u00f3n urbana en varias calles del barrio centro de Alhend\u00edn (Granada)\",\"datePublished\":\"2018-06-14T20:11:00+00:00\",\"dateModified\":\"2018-06-26T17:48:39+00:00\",\"mainEntityOfPage\":{\"@id\":\"https:\/\/www.asitec-sl.com\/en\/proyecto-de-renovacion-urbana-en-varias-calles-del-barrio-centro-de-alhendin-granada\/\"},\"wordCount\":64,\"publisher\":{\"@id\":\"https:\/\/www.asitec-sl.com\/#organization\"},\"image\":{\"@id\":\"https:\/\/www.asitec-sl.com\/en\/proyecto-de-renovacion-urbana-en-varias-calles-del-barrio-centro-de-alhendin-granada\/#primaryimage\"},\"thumbnailUrl\":\"https:\/\/www.asitec-sl.com\/wp-content\/uploads\/2018\/06\/034.jpg\",\"articleSection\":[\"Obras Hidr\u00e1ulicas\"],\"inLanguage\":\"en-GB\"},{\"@type\":\"WebPage\",\"@id\":\"https:\/\/www.asitec-sl.com\/en\/proyecto-de-renovacion-urbana-en-varias-calles-del-barrio-centro-de-alhendin-granada\/\",\"url\":\"https:\/\/www.asitec-sl.com\/en\/proyecto-de-renovacion-urbana-en-varias-calles-del-barrio-centro-de-alhendin-granada\/\",\"name\":\"Proyecto de renovaci\u00f3n urbana en varias calles del barrio centro de Alhend\u00edn (Granada) - Asitec\",\"isPartOf\":{\"@id\":\"https:\/\/www.asitec-sl.com\/#website\"},\"primaryImageOfPage\":{\"@id\":\"https:\/\/www.asitec-sl.com\/en\/proyecto-de-renovacion-urbana-en-varias-calles-del-barrio-centro-de-alhendin-granada\/#primaryimage\"},\"image\":{\"@id\":\"https:\/\/www.asitec-sl.com\/en\/proyecto-de-renovacion-urbana-en-varias-calles-del-barrio-centro-de-alhendin-granada\/#primaryimage\"},\"thumbnailUrl\":\"https:\/\/www.asitec-sl.com\/wp-content\/uploads\/2018\/06\/034.jpg\",\"datePublished\":\"2018-06-14T20:11:00+00:00\",\"dateModified\":\"2018-06-26T17:48:39+00:00\",\"breadcrumb\":{\"@id\":\"https:\/\/www.asitec-sl.com\/en\/proyecto-de-renovacion-urbana-en-varias-calles-del-barrio-centro-de-alhendin-granada\/#breadcrumb\"},\"inLanguage\":\"en-GB\",\"potentialAction\":[{\"@type\":\"ReadAction\",\"target\":[\"https:\/\/www.asitec-sl.com\/en\/proyecto-de-renovacion-urbana-en-varias-calles-del-barrio-centro-de-alhendin-granada\/\"]}]},{\"@type\":\"ImageObject\",\"inLanguage\":\"en-GB\",\"@id\":\"https:\/\/www.asitec-sl.com\/en\/proyecto-de-renovacion-urbana-en-varias-calles-del-barrio-centro-de-alhendin-granada\/#primaryimage\",\"url\":\"https:\/\/www.asitec-sl.com\/wp-content\/uploads\/2018\/06\/034.jpg\",\"contentUrl\":\"https:\/\/www.asitec-sl.com\/wp-content\/uploads\/2018\/06\/034.jpg\",\"width\":900,\"height\":643,\"caption\":\"renovaci\u00f3n urbana alhend\u00edn granada agua\"},{\"@type\":\"BreadcrumbList\",\"@id\":\"https:\/\/www.asitec-sl.com\/en\/proyecto-de-renovacion-urbana-en-varias-calles-del-barrio-centro-de-alhendin-granada\/#breadcrumb\",\"itemListElement\":[{\"@type\":\"ListItem\",\"position\":1,\"name\":\"Inicio\",\"item\":\"https:\/\/www.asitec-sl.com\/\"},{\"@type\":\"ListItem\",\"position\":2,\"name\":\"Proyecto de renovaci\u00f3n urbana en varias calles del barrio centro de Alhend\u00edn (Granada)\"}]},{\"@type\":\"WebSite\",\"@id\":\"https:\/\/www.asitec-sl.com\/#website\",\"url\":\"https:\/\/www.asitec-sl.com\/\",\"name\":\"Asitec\",\"description\":\"Ingenier\u00eda, Urbanismos y Medio Ambiente S.L.P.\",\"publisher\":{\"@id\":\"https:\/\/www.asitec-sl.com\/#organization\"},\"potentialAction\":[{\"@type\":\"SearchAction\",\"target\":{\"@type\":\"EntryPoint\",\"urlTemplate\":\"https:\/\/www.asitec-sl.com\/?s={search_term_string}\"},\"query-input\":\"required name=search_term_string\"}],\"inLanguage\":\"en-GB\"},{\"@type\":\"Organization\",\"@id\":\"https:\/\/www.asitec-sl.com\/#organization\",\"name\":\"ASITEC SLP\",\"url\":\"https:\/\/www.asitec-sl.com\/\",\"logo\":{\"@type\":\"ImageObject\",\"inLanguage\":\"en-GB\",\"@id\":\"https:\/\/www.asitec-sl.com\/#\/schema\/logo\/image\/\",\"url\":\"https:\/\/www.asitec-sl.com\/wp-content\/uploads\/2018\/01\/logo-web-1.png\",\"contentUrl\":\"https:\/\/www.asitec-sl.com\/wp-content\/uploads\/2018\/01\/logo-web-1.png\",\"width\":520,\"height\":184,\"caption\":\"ASITEC SLP\"},\"image\":{\"@id\":\"https:\/\/www.asitec-sl.com\/#\/schema\/logo\/image\/\"},\"sameAs\":[\"https:\/\/www.facebook.com\/AsitecSL-1487006038267232\/\"]},{\"@type\":\"Person\",\"@id\":\"https:\/\/www.asitec-sl.com\/#\/schema\/person\/558d0e40562d1be7b8f9071aa6266749\",\"name\":\"ASITEC\",\"image\":{\"@type\":\"ImageObject\",\"inLanguage\":\"en-GB\",\"@id\":\"https:\/\/www.asitec-sl.com\/#\/schema\/person\/image\/\",\"url\":\"https:\/\/secure.gravatar.com\/avatar\/26d04747ce301b54596a69de0312a2ba?s=96&d=mm&r=g\",\"contentUrl\":\"https:\/\/secure.gravatar.com\/avatar\/26d04747ce301b54596a69de0312a2ba?s=96&d=mm&r=g\",\"caption\":\"ASITEC\"},\"url\":\"https:\/\/www.asitec-sl.com\/en\/author\/desarrollador\/\"}]}<\/script>\n<!-- \/ Yoast SEO plugin. -->","yoast_head_json":{"title":"Proyecto de renovaci\u00f3n urbana en varias calles del barrio centro de Alhend\u00edn (Granada) - Asitec","robots":{"index":"index","follow":"follow","max-snippet":"max-snippet:-1","max-image-preview":"max-image-preview:large","max-video-preview":"max-video-preview:-1"},"canonical":"https:\/\/www.asitec-sl.com\/en\/proyecto-de-renovacion-urbana-en-varias-calles-del-barrio-centro-de-alhendin-granada\/","og_locale":"en_GB","og_type":"article","og_title":"Proyecto de renovaci\u00f3n urbana en varias calles del barrio centro de Alhend\u00edn (Granada) - Asitec","og_description":"Dise\u00f1o y c\u00e1lculo de la red de distribuci\u00f3n de agua potable del casco hist\u00f3rico del municipio de Alhend\u00edn, consisitente en la colocaci\u00f3n de nuevas tuber\u00edas de fundici\u00f3n, con una longitud total de 862 ml., as\u00ed como sus correspondientes piezas especiales.","og_url":"https:\/\/www.asitec-sl.com\/en\/proyecto-de-renovacion-urbana-en-varias-calles-del-barrio-centro-de-alhendin-granada\/","og_site_name":"Asitec","article_publisher":"https:\/\/www.facebook.com\/AsitecSL-1487006038267232\/","article_published_time":"2018-06-14T20:11:00+00:00","article_modified_time":"2018-06-26T17:48:39+00:00","og_image":[{"width":900,"height":643,"url":"https:\/\/www.asitec-sl.com\/wp-content\/uploads\/2018\/06\/034.jpg","type":"image\/jpeg"}],"author":"ASITEC","twitter_card":"summary_large_image","twitter_misc":{"Written by":"ASITEC"},"schema":{"@context":"https:\/\/schema.org","@graph":[{"@type":"Article","@id":"https:\/\/www.asitec-sl.com\/en\/proyecto-de-renovacion-urbana-en-varias-calles-del-barrio-centro-de-alhendin-granada\/#article","isPartOf":{"@id":"https:\/\/www.asitec-sl.com\/en\/proyecto-de-renovacion-urbana-en-varias-calles-del-barrio-centro-de-alhendin-granada\/"},"author":{"name":"ASITEC","@id":"https:\/\/www.asitec-sl.com\/#\/schema\/person\/558d0e40562d1be7b8f9071aa6266749"},"headline":"Proyecto de renovaci\u00f3n urbana en varias calles del barrio centro de Alhend\u00edn (Granada)","datePublished":"2018-06-14T20:11:00+00:00","dateModified":"2018-06-26T17:48:39+00:00","mainEntityOfPage":{"@id":"https:\/\/www.asitec-sl.com\/en\/proyecto-de-renovacion-urbana-en-varias-calles-del-barrio-centro-de-alhendin-granada\/"},"wordCount":64,"publisher":{"@id":"https:\/\/www.asitec-sl.com\/#organization"},"image":{"@id":"https:\/\/www.asitec-sl.com\/en\/proyecto-de-renovacion-urbana-en-varias-calles-del-barrio-centro-de-alhendin-granada\/#primaryimage"},"thumbnailUrl":"https:\/\/www.asitec-sl.com\/wp-content\/uploads\/2018\/06\/034.jpg","articleSection":["Obras Hidr\u00e1ulicas"],"inLanguage":"en-GB"},{"@type":"WebPage","@id":"https:\/\/www.asitec-sl.com\/en\/proyecto-de-renovacion-urbana-en-varias-calles-del-barrio-centro-de-alhendin-granada\/","url":"https:\/\/www.asitec-sl.com\/en\/proyecto-de-renovacion-urbana-en-varias-calles-del-barrio-centro-de-alhendin-granada\/","name":"Proyecto de renovaci\u00f3n urbana en varias calles del barrio centro de Alhend\u00edn (Granada) - Asitec","isPartOf":{"@id":"https:\/\/www.asitec-sl.com\/#website"},"primaryImageOfPage":{"@id":"https:\/\/www.asitec-sl.com\/en\/proyecto-de-renovacion-urbana-en-varias-calles-del-barrio-centro-de-alhendin-granada\/#primaryimage"},"image":{"@id":"https:\/\/www.asitec-sl.com\/en\/proyecto-de-renovacion-urbana-en-varias-calles-del-barrio-centro-de-alhendin-granada\/#primaryimage"},"thumbnailUrl":"https:\/\/www.asitec-sl.com\/wp-content\/uploads\/2018\/06\/034.jpg","datePublished":"2018-06-14T20:11:00+00:00","dateModified":"2018-06-26T17:48:39+00:00","breadcrumb":{"@id":"https:\/\/www.asitec-sl.com\/en\/proyecto-de-renovacion-urbana-en-varias-calles-del-barrio-centro-de-alhendin-granada\/#breadcrumb"},"inLanguage":"en-GB","potentialAction":[{"@type":"ReadAction","target":["https:\/\/www.asitec-sl.com\/en\/proyecto-de-renovacion-urbana-en-varias-calles-del-barrio-centro-de-alhendin-granada\/"]}]},{"@type":"ImageObject","inLanguage":"en-GB","@id":"https:\/\/www.asitec-sl.com\/en\/proyecto-de-renovacion-urbana-en-varias-calles-del-barrio-centro-de-alhendin-granada\/#primaryimage","url":"https:\/\/www.asitec-sl.com\/wp-content\/uploads\/2018\/06\/034.jpg","contentUrl":"https:\/\/www.asitec-sl.com\/wp-content\/uploads\/2018\/06\/034.jpg","width":900,"height":643,"caption":"renovaci\u00f3n urbana alhend\u00edn granada agua"},{"@type":"BreadcrumbList","@id":"https:\/\/www.asitec-sl.com\/en\/proyecto-de-renovacion-urbana-en-varias-calles-del-barrio-centro-de-alhendin-granada\/#breadcrumb","itemListElement":[{"@type":"ListItem","position":1,"name":"Inicio","item":"https:\/\/www.asitec-sl.com\/"},{"@type":"ListItem","position":2,"name":"Proyecto de renovaci\u00f3n urbana en varias calles del barrio centro de Alhend\u00edn (Granada)"}]},{"@type":"WebSite","@id":"https:\/\/www.asitec-sl.com\/#website","url":"https:\/\/www.asitec-sl.com\/","name":"Asitec","description":"Ingenier\u00eda, Urbanismos y Medio Ambiente S.L.P.","publisher":{"@id":"https:\/\/www.asitec-sl.com\/#organization"},"potentialAction":[{"@type":"SearchAction","target":{"@type":"EntryPoint","urlTemplate":"https:\/\/www.asitec-sl.com\/?s={search_term_string}"},"query-input":"required name=search_term_string"}],"inLanguage":"en-GB"},{"@type":"Organization","@id":"https:\/\/www.asitec-sl.com\/#organization","name":"ASITEC SLP","url":"https:\/\/www.asitec-sl.com\/","logo":{"@type":"ImageObject","inLanguage":"en-GB","@id":"https:\/\/www.asitec-sl.com\/#\/schema\/logo\/image\/","url":"https:\/\/www.asitec-sl.com\/wp-content\/uploads\/2018\/01\/logo-web-1.png","contentUrl":"https:\/\/www.asitec-sl.com\/wp-content\/uploads\/2018\/01\/logo-web-1.png","width":520,"height":184,"caption":"ASITEC SLP"},"image":{"@id":"https:\/\/www.asitec-sl.com\/#\/schema\/logo\/image\/"},"sameAs":["https:\/\/www.facebook.com\/AsitecSL-1487006038267232\/"]},{"@type":"Person","@id":"https:\/\/www.asitec-sl.com\/#\/schema\/person\/558d0e40562d1be7b8f9071aa6266749","name":"ASITEC","image":{"@type":"ImageObject","inLanguage":"en-GB","@id":"https:\/\/www.asitec-sl.com\/#\/schema\/person\/image\/","url":"https:\/\/secure.gravatar.com\/avatar\/26d04747ce301b54596a69de0312a2ba?s=96&d=mm&r=g","contentUrl":"https:\/\/secure.gravatar.com\/avatar\/26d04747ce301b54596a69de0312a2ba?s=96&d=mm&r=g","caption":"ASITEC"},"url":"https:\/\/www.asitec-sl.com\/en\/author\/desarrollador\/"}]}},"_links":{"self":[{"href":"https:\/\/www.asitec-sl.com\/en\/wp-json\/wp\/v2\/posts\/924"}],"collection":[{"href":"https:\/\/www.asitec-sl.com\/en\/wp-json\/wp\/v2\/posts"}],"about":[{"href":"https:\/\/www.asitec-sl.com\/en\/wp-json\/wp\/v2\/types\/post"}],"author":[{"embeddable":true,"href":"https:\/\/www.asitec-sl.com\/en\/wp-json\/wp\/v2\/users\/2"}],"replies":[{"embeddable":true,"href":"https:\/\/www.asitec-sl.com\/en\/wp-json\/wp\/v2\/comments?post=924"}],"version-history":[{"count":1,"href":"https:\/\/www.asitec-sl.com\/en\/wp-json\/wp\/v2\/posts\/924\/revisions"}],"predecessor-version":[{"id":1119,"href":"https:\/\/www.asitec-sl.com\/en\/wp-json\/wp\/v2\/posts\/924\/revisions\/1119"}],"wp:featuredmedia":[{"embeddable":true,"href":"https:\/\/www.asitec-sl.com\/en\/wp-json\/wp\/v2\/media\/914"}],"wp:attachment":[{"href":"https:\/\/www.asitec-sl.com\/en\/wp-json\/wp\/v2\/media?parent=924"}],"wp:term":[{"taxonomy":"category","embeddable":true,"href":"https:\/\/www.asitec-sl.com\/en\/wp-json\/wp\/v2\/categories?post=924"},{"taxonomy":"post_tag","embeddable":true,"href":"https:\/\/www.asitec-sl.com\/en\/wp-json\/wp\/v2\/tags?post=924"}],"curies":[{"name":"wp","href":"https:\/\/api.w.org\/{rel}","templated":true}]}}