{"id":922,"date":"2018-06-14T21:06:19","date_gmt":"2018-06-14T20:06:19","guid":{"rendered":"http:\/\/wp-asi.carlosarc.com\/?p=922"},"modified":"2018-06-26T18:48:39","modified_gmt":"2018-06-26T17:48:39","slug":"estudio-previo-de-infraestructuras-de-abastecimiento-del-sector-industrial-suo-i01-de-ogijares-granada","status":"publish","type":"post","link":"https:\/\/www.asitec-sl.com\/en\/estudio-previo-de-infraestructuras-de-abastecimiento-del-sector-industrial-suo-i01-de-ogijares-granada\/","title":{"rendered":"Estudio previo de infraestructuras de abastecimiento del sector industrial SUO-I01 de Og\u00edjares (Granada)"},"content":{"rendered":"<p><img loading=\"lazy\" decoding=\"async\" class=\"aligncenter size-full wp-image-913\" src=\"http:\/\/wp-asi.carlosarc.com\/wp-content\/uploads\/2018\/06\/033.jpg\" alt=\"infraestructuras sector industrial og\u00edjares\" width=\"900\" height=\"643\" srcset=\"https:\/\/www.asitec-sl.com\/wp-content\/uploads\/2018\/06\/033.jpg 900w, https:\/\/www.asitec-sl.com\/wp-content\/uploads\/2018\/06\/033-300x214.jpg 300w, https:\/\/www.asitec-sl.com\/wp-content\/uploads\/2018\/06\/033-768x549.jpg 768w\" sizes=\"(max-width: 900px) 100vw, 900px\" \/><\/p>\n<p>Se han determinado las necesidades h\u00eddricas para la demanda de agua de suministro al futuro pol\u00edgono industrial y Tecnol\u00f3gico de Ogijares. Se trata de una urbanizaci\u00f3n de 523.132 m2 de superficie bruta sobre los que se asentar\u00e1n instalaciones de tipo industrial, comercial y dotacional. Se prev\u00e9 la construcci\u00f3n de un dep\u00f3sito de almacenamiento que aumente la capacidad de regulaci\u00f3n del municipio y una red de distribuci\u00f3n realizada en fundici\u00f3n con di\u00e1metros de 250, 200 y 150 mm de di\u00e1metro y 4.625 m de longitud que se intercala dentro de la trama urbana de forma mallada dando continuidad de suministro a las zonas urbanas, residenciales e industriales del per\u00edmetro del municipio.<\/p>\n<p><strong>Fecha<\/strong>: julio 2010<\/p>","protected":false},"excerpt":{"rendered":"<p>Se han determinado las necesidades h\u00eddricas para la demanda de agua de suministro al futuro pol\u00edgono industrial y Tecnol\u00f3gico de Ogijares. Se trata de una urbanizaci\u00f3n de 523.132 m2 de superficie bruta sobre los que se asentar\u00e1n instalaciones de tipo<\/p>","protected":false},"author":2,"featured_media":913,"comment_status":"closed","ping_status":"closed","sticky":false,"template":"","format":"standard","meta":{"footnotes":""},"categories":[25],"tags":[],"class_list":["post-922","post","type-post","status-publish","format-standard","has-post-thumbnail","hentry","category-obras-hidraulicas"],"yoast_head":"<!-- This site is optimized with the Yoast SEO plugin v23.3 - https:\/\/yoast.com\/wordpress\/plugins\/seo\/ -->\n<title>Estudio previo de infraestructuras de abastecimiento del sector industrial SUO-I01 de Og\u00edjares (Granada) - Asitec<\/title>\n<meta name=\"robots\" content=\"index, follow, max-snippet:-1, max-image-preview:large, max-video-preview:-1\" \/>\n<link rel=\"canonical\" href=\"https:\/\/www.asitec-sl.com\/en\/estudio-previo-de-infraestructuras-de-abastecimiento-del-sector-industrial-suo-i01-de-ogijares-granada\/\" \/>\n<meta property=\"og:locale\" content=\"en_GB\" \/>\n<meta property=\"og:type\" content=\"article\" \/>\n<meta property=\"og:title\" content=\"Estudio previo de infraestructuras de abastecimiento del sector industrial SUO-I01 de Og\u00edjares (Granada) - Asitec\" \/>\n<meta property=\"og:description\" content=\"Se han determinado las necesidades h\u00eddricas para la demanda de agua de suministro al futuro pol\u00edgono industrial y Tecnol\u00f3gico de Ogijares. Se trata de una urbanizaci\u00f3n de 523.132 m2 de superficie bruta sobre los que se asentar\u00e1n instalaciones de tipo\" \/>\n<meta property=\"og:url\" content=\"https:\/\/www.asitec-sl.com\/en\/estudio-previo-de-infraestructuras-de-abastecimiento-del-sector-industrial-suo-i01-de-ogijares-granada\/\" \/>\n<meta property=\"og:site_name\" content=\"Asitec\" \/>\n<meta property=\"article:publisher\" content=\"https:\/\/www.facebook.com\/AsitecSL-1487006038267232\/\" \/>\n<meta property=\"article:published_time\" content=\"2018-06-14T20:06:19+00:00\" \/>\n<meta property=\"article:modified_time\" content=\"2018-06-26T17:48:39+00:00\" \/>\n<meta property=\"og:image\" content=\"https:\/\/www.asitec-sl.com\/wp-content\/uploads\/2018\/06\/033.jpg\" \/>\n\t<meta property=\"og:image:width\" content=\"900\" \/>\n\t<meta property=\"og:image:height\" content=\"643\" \/>\n\t<meta property=\"og:image:type\" content=\"image\/jpeg\" \/>\n<meta name=\"author\" content=\"ASITEC\" \/>\n<meta name=\"twitter:card\" content=\"summary_large_image\" \/>\n<meta name=\"twitter:label1\" content=\"Written by\" \/>\n\t<meta name=\"twitter:data1\" content=\"ASITEC\" \/>\n\t<meta name=\"twitter:label2\" content=\"Estimated reading time\" \/>\n\t<meta name=\"twitter:data2\" content=\"1 minute\" \/>\n<script type=\"application\/ld+json\" class=\"yoast-schema-graph\">{\"@context\":\"https:\/\/schema.org\",\"@graph\":[{\"@type\":\"Article\",\"@id\":\"https:\/\/www.asitec-sl.com\/en\/estudio-previo-de-infraestructuras-de-abastecimiento-del-sector-industrial-suo-i01-de-ogijares-granada\/#article\",\"isPartOf\":{\"@id\":\"https:\/\/www.asitec-sl.com\/en\/estudio-previo-de-infraestructuras-de-abastecimiento-del-sector-industrial-suo-i01-de-ogijares-granada\/\"},\"author\":{\"name\":\"ASITEC\",\"@id\":\"https:\/\/www.asitec-sl.com\/#\/schema\/person\/558d0e40562d1be7b8f9071aa6266749\"},\"headline\":\"Estudio previo de infraestructuras de abastecimiento del sector industrial SUO-I01 de Og\u00edjares (Granada)\",\"datePublished\":\"2018-06-14T20:06:19+00:00\",\"dateModified\":\"2018-06-26T17:48:39+00:00\",\"mainEntityOfPage\":{\"@id\":\"https:\/\/www.asitec-sl.com\/en\/estudio-previo-de-infraestructuras-de-abastecimiento-del-sector-industrial-suo-i01-de-ogijares-granada\/\"},\"wordCount\":134,\"publisher\":{\"@id\":\"https:\/\/www.asitec-sl.com\/#organization\"},\"image\":{\"@id\":\"https:\/\/www.asitec-sl.com\/en\/estudio-previo-de-infraestructuras-de-abastecimiento-del-sector-industrial-suo-i01-de-ogijares-granada\/#primaryimage\"},\"thumbnailUrl\":\"https:\/\/www.asitec-sl.com\/wp-content\/uploads\/2018\/06\/033.jpg\",\"articleSection\":[\"Obras Hidr\u00e1ulicas\"],\"inLanguage\":\"en-GB\"},{\"@type\":\"WebPage\",\"@id\":\"https:\/\/www.asitec-sl.com\/en\/estudio-previo-de-infraestructuras-de-abastecimiento-del-sector-industrial-suo-i01-de-ogijares-granada\/\",\"url\":\"https:\/\/www.asitec-sl.com\/en\/estudio-previo-de-infraestructuras-de-abastecimiento-del-sector-industrial-suo-i01-de-ogijares-granada\/\",\"name\":\"Estudio previo de infraestructuras de abastecimiento del sector industrial SUO-I01 de Og\u00edjares (Granada) - Asitec\",\"isPartOf\":{\"@id\":\"https:\/\/www.asitec-sl.com\/#website\"},\"primaryImageOfPage\":{\"@id\":\"https:\/\/www.asitec-sl.com\/en\/estudio-previo-de-infraestructuras-de-abastecimiento-del-sector-industrial-suo-i01-de-ogijares-granada\/#primaryimage\"},\"image\":{\"@id\":\"https:\/\/www.asitec-sl.com\/en\/estudio-previo-de-infraestructuras-de-abastecimiento-del-sector-industrial-suo-i01-de-ogijares-granada\/#primaryimage\"},\"thumbnailUrl\":\"https:\/\/www.asitec-sl.com\/wp-content\/uploads\/2018\/06\/033.jpg\",\"datePublished\":\"2018-06-14T20:06:19+00:00\",\"dateModified\":\"2018-06-26T17:48:39+00:00\",\"breadcrumb\":{\"@id\":\"https:\/\/www.asitec-sl.com\/en\/estudio-previo-de-infraestructuras-de-abastecimiento-del-sector-industrial-suo-i01-de-ogijares-granada\/#breadcrumb\"},\"inLanguage\":\"en-GB\",\"potentialAction\":[{\"@type\":\"ReadAction\",\"target\":[\"https:\/\/www.asitec-sl.com\/en\/estudio-previo-de-infraestructuras-de-abastecimiento-del-sector-industrial-suo-i01-de-ogijares-granada\/\"]}]},{\"@type\":\"ImageObject\",\"inLanguage\":\"en-GB\",\"@id\":\"https:\/\/www.asitec-sl.com\/en\/estudio-previo-de-infraestructuras-de-abastecimiento-del-sector-industrial-suo-i01-de-ogijares-granada\/#primaryimage\",\"url\":\"https:\/\/www.asitec-sl.com\/wp-content\/uploads\/2018\/06\/033.jpg\",\"contentUrl\":\"https:\/\/www.asitec-sl.com\/wp-content\/uploads\/2018\/06\/033.jpg\",\"width\":900,\"height\":643,\"caption\":\"infraestructuras sector industrial og\u00edjares\"},{\"@type\":\"BreadcrumbList\",\"@id\":\"https:\/\/www.asitec-sl.com\/en\/estudio-previo-de-infraestructuras-de-abastecimiento-del-sector-industrial-suo-i01-de-ogijares-granada\/#breadcrumb\",\"itemListElement\":[{\"@type\":\"ListItem\",\"position\":1,\"name\":\"Inicio\",\"item\":\"https:\/\/www.asitec-sl.com\/\"},{\"@type\":\"ListItem\",\"position\":2,\"name\":\"Estudio previo de infraestructuras de abastecimiento del sector industrial SUO-I01 de Og\u00edjares (Granada)\"}]},{\"@type\":\"WebSite\",\"@id\":\"https:\/\/www.asitec-sl.com\/#website\",\"url\":\"https:\/\/www.asitec-sl.com\/\",\"name\":\"Asitec\",\"description\":\"Ingenier\u00eda, Urbanismos y Medio Ambiente S.L.P.\",\"publisher\":{\"@id\":\"https:\/\/www.asitec-sl.com\/#organization\"},\"potentialAction\":[{\"@type\":\"SearchAction\",\"target\":{\"@type\":\"EntryPoint\",\"urlTemplate\":\"https:\/\/www.asitec-sl.com\/?s={search_term_string}\"},\"query-input\":\"required name=search_term_string\"}],\"inLanguage\":\"en-GB\"},{\"@type\":\"Organization\",\"@id\":\"https:\/\/www.asitec-sl.com\/#organization\",\"name\":\"ASITEC SLP\",\"url\":\"https:\/\/www.asitec-sl.com\/\",\"logo\":{\"@type\":\"ImageObject\",\"inLanguage\":\"en-GB\",\"@id\":\"https:\/\/www.asitec-sl.com\/#\/schema\/logo\/image\/\",\"url\":\"https:\/\/www.asitec-sl.com\/wp-content\/uploads\/2018\/01\/logo-web-1.png\",\"contentUrl\":\"https:\/\/www.asitec-sl.com\/wp-content\/uploads\/2018\/01\/logo-web-1.png\",\"width\":520,\"height\":184,\"caption\":\"ASITEC SLP\"},\"image\":{\"@id\":\"https:\/\/www.asitec-sl.com\/#\/schema\/logo\/image\/\"},\"sameAs\":[\"https:\/\/www.facebook.com\/AsitecSL-1487006038267232\/\"]},{\"@type\":\"Person\",\"@id\":\"https:\/\/www.asitec-sl.com\/#\/schema\/person\/558d0e40562d1be7b8f9071aa6266749\",\"name\":\"ASITEC\",\"image\":{\"@type\":\"ImageObject\",\"inLanguage\":\"en-GB\",\"@id\":\"https:\/\/www.asitec-sl.com\/#\/schema\/person\/image\/\",\"url\":\"https:\/\/secure.gravatar.com\/avatar\/26d04747ce301b54596a69de0312a2ba?s=96&d=mm&r=g\",\"contentUrl\":\"https:\/\/secure.gravatar.com\/avatar\/26d04747ce301b54596a69de0312a2ba?s=96&d=mm&r=g\",\"caption\":\"ASITEC\"},\"url\":\"https:\/\/www.asitec-sl.com\/en\/author\/desarrollador\/\"}]}<\/script>\n<!-- \/ Yoast SEO plugin. -->","yoast_head_json":{"title":"Estudio previo de infraestructuras de abastecimiento del sector industrial SUO-I01 de Og\u00edjares (Granada) - Asitec","robots":{"index":"index","follow":"follow","max-snippet":"max-snippet:-1","max-image-preview":"max-image-preview:large","max-video-preview":"max-video-preview:-1"},"canonical":"https:\/\/www.asitec-sl.com\/en\/estudio-previo-de-infraestructuras-de-abastecimiento-del-sector-industrial-suo-i01-de-ogijares-granada\/","og_locale":"en_GB","og_type":"article","og_title":"Estudio previo de infraestructuras de abastecimiento del sector industrial SUO-I01 de Og\u00edjares (Granada) - Asitec","og_description":"Se han determinado las necesidades h\u00eddricas para la demanda de agua de suministro al futuro pol\u00edgono industrial y Tecnol\u00f3gico de Ogijares. Se trata de una urbanizaci\u00f3n de 523.132 m2 de superficie bruta sobre los que se asentar\u00e1n instalaciones de tipo","og_url":"https:\/\/www.asitec-sl.com\/en\/estudio-previo-de-infraestructuras-de-abastecimiento-del-sector-industrial-suo-i01-de-ogijares-granada\/","og_site_name":"Asitec","article_publisher":"https:\/\/www.facebook.com\/AsitecSL-1487006038267232\/","article_published_time":"2018-06-14T20:06:19+00:00","article_modified_time":"2018-06-26T17:48:39+00:00","og_image":[{"width":900,"height":643,"url":"https:\/\/www.asitec-sl.com\/wp-content\/uploads\/2018\/06\/033.jpg","type":"image\/jpeg"}],"author":"ASITEC","twitter_card":"summary_large_image","twitter_misc":{"Written by":"ASITEC","Estimated reading time":"1 minute"},"schema":{"@context":"https:\/\/schema.org","@graph":[{"@type":"Article","@id":"https:\/\/www.asitec-sl.com\/en\/estudio-previo-de-infraestructuras-de-abastecimiento-del-sector-industrial-suo-i01-de-ogijares-granada\/#article","isPartOf":{"@id":"https:\/\/www.asitec-sl.com\/en\/estudio-previo-de-infraestructuras-de-abastecimiento-del-sector-industrial-suo-i01-de-ogijares-granada\/"},"author":{"name":"ASITEC","@id":"https:\/\/www.asitec-sl.com\/#\/schema\/person\/558d0e40562d1be7b8f9071aa6266749"},"headline":"Estudio previo de infraestructuras de abastecimiento del sector industrial SUO-I01 de Og\u00edjares (Granada)","datePublished":"2018-06-14T20:06:19+00:00","dateModified":"2018-06-26T17:48:39+00:00","mainEntityOfPage":{"@id":"https:\/\/www.asitec-sl.com\/en\/estudio-previo-de-infraestructuras-de-abastecimiento-del-sector-industrial-suo-i01-de-ogijares-granada\/"},"wordCount":134,"publisher":{"@id":"https:\/\/www.asitec-sl.com\/#organization"},"image":{"@id":"https:\/\/www.asitec-sl.com\/en\/estudio-previo-de-infraestructuras-de-abastecimiento-del-sector-industrial-suo-i01-de-ogijares-granada\/#primaryimage"},"thumbnailUrl":"https:\/\/www.asitec-sl.com\/wp-content\/uploads\/2018\/06\/033.jpg","articleSection":["Obras Hidr\u00e1ulicas"],"inLanguage":"en-GB"},{"@type":"WebPage","@id":"https:\/\/www.asitec-sl.com\/en\/estudio-previo-de-infraestructuras-de-abastecimiento-del-sector-industrial-suo-i01-de-ogijares-granada\/","url":"https:\/\/www.asitec-sl.com\/en\/estudio-previo-de-infraestructuras-de-abastecimiento-del-sector-industrial-suo-i01-de-ogijares-granada\/","name":"Estudio previo de infraestructuras de abastecimiento del sector industrial SUO-I01 de Og\u00edjares (Granada) - Asitec","isPartOf":{"@id":"https:\/\/www.asitec-sl.com\/#website"},"primaryImageOfPage":{"@id":"https:\/\/www.asitec-sl.com\/en\/estudio-previo-de-infraestructuras-de-abastecimiento-del-sector-industrial-suo-i01-de-ogijares-granada\/#primaryimage"},"image":{"@id":"https:\/\/www.asitec-sl.com\/en\/estudio-previo-de-infraestructuras-de-abastecimiento-del-sector-industrial-suo-i01-de-ogijares-granada\/#primaryimage"},"thumbnailUrl":"https:\/\/www.asitec-sl.com\/wp-content\/uploads\/2018\/06\/033.jpg","datePublished":"2018-06-14T20:06:19+00:00","dateModified":"2018-06-26T17:48:39+00:00","breadcrumb":{"@id":"https:\/\/www.asitec-sl.com\/en\/estudio-previo-de-infraestructuras-de-abastecimiento-del-sector-industrial-suo-i01-de-ogijares-granada\/#breadcrumb"},"inLanguage":"en-GB","potentialAction":[{"@type":"ReadAction","target":["https:\/\/www.asitec-sl.com\/en\/estudio-previo-de-infraestructuras-de-abastecimiento-del-sector-industrial-suo-i01-de-ogijares-granada\/"]}]},{"@type":"ImageObject","inLanguage":"en-GB","@id":"https:\/\/www.asitec-sl.com\/en\/estudio-previo-de-infraestructuras-de-abastecimiento-del-sector-industrial-suo-i01-de-ogijares-granada\/#primaryimage","url":"https:\/\/www.asitec-sl.com\/wp-content\/uploads\/2018\/06\/033.jpg","contentUrl":"https:\/\/www.asitec-sl.com\/wp-content\/uploads\/2018\/06\/033.jpg","width":900,"height":643,"caption":"infraestructuras sector industrial og\u00edjares"},{"@type":"BreadcrumbList","@id":"https:\/\/www.asitec-sl.com\/en\/estudio-previo-de-infraestructuras-de-abastecimiento-del-sector-industrial-suo-i01-de-ogijares-granada\/#breadcrumb","itemListElement":[{"@type":"ListItem","position":1,"name":"Inicio","item":"https:\/\/www.asitec-sl.com\/"},{"@type":"ListItem","position":2,"name":"Estudio previo de infraestructuras de abastecimiento del sector industrial SUO-I01 de Og\u00edjares (Granada)"}]},{"@type":"WebSite","@id":"https:\/\/www.asitec-sl.com\/#website","url":"https:\/\/www.asitec-sl.com\/","name":"Asitec","description":"Ingenier\u00eda, Urbanismos y Medio Ambiente S.L.P.","publisher":{"@id":"https:\/\/www.asitec-sl.com\/#organization"},"potentialAction":[{"@type":"SearchAction","target":{"@type":"EntryPoint","urlTemplate":"https:\/\/www.asitec-sl.com\/?s={search_term_string}"},"query-input":"required name=search_term_string"}],"inLanguage":"en-GB"},{"@type":"Organization","@id":"https:\/\/www.asitec-sl.com\/#organization","name":"ASITEC SLP","url":"https:\/\/www.asitec-sl.com\/","logo":{"@type":"ImageObject","inLanguage":"en-GB","@id":"https:\/\/www.asitec-sl.com\/#\/schema\/logo\/image\/","url":"https:\/\/www.asitec-sl.com\/wp-content\/uploads\/2018\/01\/logo-web-1.png","contentUrl":"https:\/\/www.asitec-sl.com\/wp-content\/uploads\/2018\/01\/logo-web-1.png","width":520,"height":184,"caption":"ASITEC SLP"},"image":{"@id":"https:\/\/www.asitec-sl.com\/#\/schema\/logo\/image\/"},"sameAs":["https:\/\/www.facebook.com\/AsitecSL-1487006038267232\/"]},{"@type":"Person","@id":"https:\/\/www.asitec-sl.com\/#\/schema\/person\/558d0e40562d1be7b8f9071aa6266749","name":"ASITEC","image":{"@type":"ImageObject","inLanguage":"en-GB","@id":"https:\/\/www.asitec-sl.com\/#\/schema\/person\/image\/","url":"https:\/\/secure.gravatar.com\/avatar\/26d04747ce301b54596a69de0312a2ba?s=96&d=mm&r=g","contentUrl":"https:\/\/secure.gravatar.com\/avatar\/26d04747ce301b54596a69de0312a2ba?s=96&d=mm&r=g","caption":"ASITEC"},"url":"https:\/\/www.asitec-sl.com\/en\/author\/desarrollador\/"}]}},"_links":{"self":[{"href":"https:\/\/www.asitec-sl.com\/en\/wp-json\/wp\/v2\/posts\/922"}],"collection":[{"href":"https:\/\/www.asitec-sl.com\/en\/wp-json\/wp\/v2\/posts"}],"about":[{"href":"https:\/\/www.asitec-sl.com\/en\/wp-json\/wp\/v2\/types\/post"}],"author":[{"embeddable":true,"href":"https:\/\/www.asitec-sl.com\/en\/wp-json\/wp\/v2\/users\/2"}],"replies":[{"embeddable":true,"href":"https:\/\/www.asitec-sl.com\/en\/wp-json\/wp\/v2\/comments?post=922"}],"version-history":[{"count":1,"href":"https:\/\/www.asitec-sl.com\/en\/wp-json\/wp\/v2\/posts\/922\/revisions"}],"predecessor-version":[{"id":1120,"href":"https:\/\/www.asitec-sl.com\/en\/wp-json\/wp\/v2\/posts\/922\/revisions\/1120"}],"wp:featuredmedia":[{"embeddable":true,"href":"https:\/\/www.asitec-sl.com\/en\/wp-json\/wp\/v2\/media\/913"}],"wp:attachment":[{"href":"https:\/\/www.asitec-sl.com\/en\/wp-json\/wp\/v2\/media?parent=922"}],"wp:term":[{"taxonomy":"category","embeddable":true,"href":"https:\/\/www.asitec-sl.com\/en\/wp-json\/wp\/v2\/categories?post=922"},{"taxonomy":"post_tag","embeddable":true,"href":"https:\/\/www.asitec-sl.com\/en\/wp-json\/wp\/v2\/tags?post=922"}],"curies":[{"name":"wp","href":"https:\/\/api.w.org\/{rel}","templated":true}]}}