{"id":822,"date":"2018-06-11T01:17:58","date_gmt":"2018-06-11T00:17:58","guid":{"rendered":"http:\/\/wp-asi.carlosarc.com\/?p=822"},"modified":"2018-06-14T21:57:38","modified_gmt":"2018-06-14T20:57:38","slug":"concentracion-vertidos-edar-sur-granada","status":"publish","type":"post","link":"https:\/\/www.asitec-sl.com\/en\/concentracion-vertidos-edar-sur-granada\/","title":{"rendered":"Primera fase del proyecto de concentraci\u00f3n de vertidos de la aglomeraci\u00f3n urbana sur a la EDAR SUR de Granada"},"content":{"rendered":"<p><img loading=\"lazy\" decoding=\"async\" class=\"wp-image-823 size-full aligncenter\" src=\"http:\/\/wp-asi.carlosarc.com\/wp-content\/uploads\/2018\/06\/008-e1529009410395.jpg\" alt=\"vertidos Edar Sur Granada\" width=\"834\" height=\"673\" srcset=\"https:\/\/www.asitec-sl.com\/wp-content\/uploads\/2018\/06\/008-e1529009410395.jpg 834w, https:\/\/www.asitec-sl.com\/wp-content\/uploads\/2018\/06\/008-e1529009410395-300x242.jpg 300w, https:\/\/www.asitec-sl.com\/wp-content\/uploads\/2018\/06\/008-e1529009410395-768x620.jpg 768w\" sizes=\"(max-width: 834px) 100vw, 834px\" \/><\/p>\n<p>Proyecto de nuevos colectores para la eliminaci\u00f3n de los puntos de vertido de la agrupaci\u00f3n Sur de la vega de Granada hasta el emplazamiento de la EDAR. Recoge los puntos de vertido de los t\u00e9rminos municipales de La Zubia, Og\u00edjares, G\u00f3jar y Armilla.<\/p>\n<p><strong>Fecha:<\/strong> junio 2017<\/p>","protected":false},"excerpt":{"rendered":"<p>Proyecto de nuevos colectores para la eliminaci\u00f3n de los puntos de vertido de la agrupaci\u00f3n Sur de la vega de Granada hasta el emplazamiento de la EDAR. Recoge los puntos de vertido de los t\u00e9rminos municipales de La Zubia, Og\u00edjares,<\/p>","protected":false},"author":2,"featured_media":823,"comment_status":"closed","ping_status":"closed","sticky":false,"template":"","format":"standard","meta":{"footnotes":""},"categories":[18],"tags":[],"class_list":["post-822","post","type-post","status-publish","format-standard","has-post-thumbnail","hentry","category-colectores"],"yoast_head":"<!-- This site is optimized with the Yoast SEO plugin v23.3 - https:\/\/yoast.com\/wordpress\/plugins\/seo\/ -->\n<title>Primera fase del proyecto de concentraci\u00f3n de vertidos de la aglomeraci\u00f3n urbana sur a la EDAR SUR de Granada - Asitec<\/title>\n<meta name=\"robots\" content=\"index, follow, max-snippet:-1, max-image-preview:large, max-video-preview:-1\" \/>\n<link rel=\"canonical\" href=\"https:\/\/www.asitec-sl.com\/en\/concentracion-vertidos-edar-sur-granada\/\" \/>\n<meta property=\"og:locale\" content=\"en_GB\" \/>\n<meta property=\"og:type\" content=\"article\" \/>\n<meta property=\"og:title\" content=\"Primera fase del proyecto de concentraci\u00f3n de vertidos de la aglomeraci\u00f3n urbana sur a la EDAR SUR de Granada - Asitec\" \/>\n<meta property=\"og:description\" content=\"Proyecto de nuevos colectores para la eliminaci\u00f3n de los puntos de vertido de la agrupaci\u00f3n Sur de la vega de Granada hasta el emplazamiento de la EDAR. Recoge los puntos de vertido de los t\u00e9rminos municipales de La Zubia, Og\u00edjares,\" \/>\n<meta property=\"og:url\" content=\"https:\/\/www.asitec-sl.com\/en\/concentracion-vertidos-edar-sur-granada\/\" \/>\n<meta property=\"og:site_name\" content=\"Asitec\" \/>\n<meta property=\"article:publisher\" content=\"https:\/\/www.facebook.com\/AsitecSL-1487006038267232\/\" \/>\n<meta property=\"article:published_time\" content=\"2018-06-11T00:17:58+00:00\" \/>\n<meta property=\"article:modified_time\" content=\"2018-06-14T20:57:38+00:00\" \/>\n<meta property=\"og:image\" content=\"https:\/\/www.asitec-sl.com\/wp-content\/uploads\/2018\/06\/008-e1529009410395.jpg\" \/>\n\t<meta property=\"og:image:width\" content=\"834\" \/>\n\t<meta property=\"og:image:height\" content=\"673\" \/>\n\t<meta property=\"og:image:type\" content=\"image\/jpeg\" \/>\n<meta name=\"author\" content=\"ASITEC\" \/>\n<meta name=\"twitter:card\" content=\"summary_large_image\" \/>\n<meta name=\"twitter:label1\" content=\"Written by\" \/>\n\t<meta name=\"twitter:data1\" content=\"ASITEC\" \/>\n<script type=\"application\/ld+json\" class=\"yoast-schema-graph\">{\"@context\":\"https:\/\/schema.org\",\"@graph\":[{\"@type\":\"Article\",\"@id\":\"https:\/\/www.asitec-sl.com\/en\/concentracion-vertidos-edar-sur-granada\/#article\",\"isPartOf\":{\"@id\":\"https:\/\/www.asitec-sl.com\/en\/concentracion-vertidos-edar-sur-granada\/\"},\"author\":{\"name\":\"ASITEC\",\"@id\":\"https:\/\/www.asitec-sl.com\/#\/schema\/person\/558d0e40562d1be7b8f9071aa6266749\"},\"headline\":\"Primera fase del proyecto de concentraci\u00f3n de vertidos de la aglomeraci\u00f3n urbana sur a la EDAR SUR de Granada\",\"datePublished\":\"2018-06-11T00:17:58+00:00\",\"dateModified\":\"2018-06-14T20:57:38+00:00\",\"mainEntityOfPage\":{\"@id\":\"https:\/\/www.asitec-sl.com\/en\/concentracion-vertidos-edar-sur-granada\/\"},\"wordCount\":71,\"publisher\":{\"@id\":\"https:\/\/www.asitec-sl.com\/#organization\"},\"image\":{\"@id\":\"https:\/\/www.asitec-sl.com\/en\/concentracion-vertidos-edar-sur-granada\/#primaryimage\"},\"thumbnailUrl\":\"https:\/\/www.asitec-sl.com\/wp-content\/uploads\/2018\/06\/008-e1529009410395.jpg\",\"articleSection\":[\"Colectores\"],\"inLanguage\":\"en-GB\"},{\"@type\":\"WebPage\",\"@id\":\"https:\/\/www.asitec-sl.com\/en\/concentracion-vertidos-edar-sur-granada\/\",\"url\":\"https:\/\/www.asitec-sl.com\/en\/concentracion-vertidos-edar-sur-granada\/\",\"name\":\"Primera fase del proyecto de concentraci\u00f3n de vertidos de la aglomeraci\u00f3n urbana sur a la EDAR SUR de Granada - Asitec\",\"isPartOf\":{\"@id\":\"https:\/\/www.asitec-sl.com\/#website\"},\"primaryImageOfPage\":{\"@id\":\"https:\/\/www.asitec-sl.com\/en\/concentracion-vertidos-edar-sur-granada\/#primaryimage\"},\"image\":{\"@id\":\"https:\/\/www.asitec-sl.com\/en\/concentracion-vertidos-edar-sur-granada\/#primaryimage\"},\"thumbnailUrl\":\"https:\/\/www.asitec-sl.com\/wp-content\/uploads\/2018\/06\/008-e1529009410395.jpg\",\"datePublished\":\"2018-06-11T00:17:58+00:00\",\"dateModified\":\"2018-06-14T20:57:38+00:00\",\"breadcrumb\":{\"@id\":\"https:\/\/www.asitec-sl.com\/en\/concentracion-vertidos-edar-sur-granada\/#breadcrumb\"},\"inLanguage\":\"en-GB\",\"potentialAction\":[{\"@type\":\"ReadAction\",\"target\":[\"https:\/\/www.asitec-sl.com\/en\/concentracion-vertidos-edar-sur-granada\/\"]}]},{\"@type\":\"ImageObject\",\"inLanguage\":\"en-GB\",\"@id\":\"https:\/\/www.asitec-sl.com\/en\/concentracion-vertidos-edar-sur-granada\/#primaryimage\",\"url\":\"https:\/\/www.asitec-sl.com\/wp-content\/uploads\/2018\/06\/008-e1529009410395.jpg\",\"contentUrl\":\"https:\/\/www.asitec-sl.com\/wp-content\/uploads\/2018\/06\/008-e1529009410395.jpg\",\"width\":834,\"height\":673,\"caption\":\"vertidos Edar Sur Granada\"},{\"@type\":\"BreadcrumbList\",\"@id\":\"https:\/\/www.asitec-sl.com\/en\/concentracion-vertidos-edar-sur-granada\/#breadcrumb\",\"itemListElement\":[{\"@type\":\"ListItem\",\"position\":1,\"name\":\"Inicio\",\"item\":\"https:\/\/www.asitec-sl.com\/\"},{\"@type\":\"ListItem\",\"position\":2,\"name\":\"Primera fase del proyecto de concentraci\u00f3n de vertidos de la aglomeraci\u00f3n urbana sur a la EDAR SUR de Granada\"}]},{\"@type\":\"WebSite\",\"@id\":\"https:\/\/www.asitec-sl.com\/#website\",\"url\":\"https:\/\/www.asitec-sl.com\/\",\"name\":\"Asitec\",\"description\":\"Ingenier\u00eda, Urbanismos y Medio Ambiente S.L.P.\",\"publisher\":{\"@id\":\"https:\/\/www.asitec-sl.com\/#organization\"},\"potentialAction\":[{\"@type\":\"SearchAction\",\"target\":{\"@type\":\"EntryPoint\",\"urlTemplate\":\"https:\/\/www.asitec-sl.com\/?s={search_term_string}\"},\"query-input\":\"required name=search_term_string\"}],\"inLanguage\":\"en-GB\"},{\"@type\":\"Organization\",\"@id\":\"https:\/\/www.asitec-sl.com\/#organization\",\"name\":\"ASITEC SLP\",\"url\":\"https:\/\/www.asitec-sl.com\/\",\"logo\":{\"@type\":\"ImageObject\",\"inLanguage\":\"en-GB\",\"@id\":\"https:\/\/www.asitec-sl.com\/#\/schema\/logo\/image\/\",\"url\":\"https:\/\/www.asitec-sl.com\/wp-content\/uploads\/2018\/01\/logo-web-1.png\",\"contentUrl\":\"https:\/\/www.asitec-sl.com\/wp-content\/uploads\/2018\/01\/logo-web-1.png\",\"width\":520,\"height\":184,\"caption\":\"ASITEC SLP\"},\"image\":{\"@id\":\"https:\/\/www.asitec-sl.com\/#\/schema\/logo\/image\/\"},\"sameAs\":[\"https:\/\/www.facebook.com\/AsitecSL-1487006038267232\/\"]},{\"@type\":\"Person\",\"@id\":\"https:\/\/www.asitec-sl.com\/#\/schema\/person\/558d0e40562d1be7b8f9071aa6266749\",\"name\":\"ASITEC\",\"image\":{\"@type\":\"ImageObject\",\"inLanguage\":\"en-GB\",\"@id\":\"https:\/\/www.asitec-sl.com\/#\/schema\/person\/image\/\",\"url\":\"https:\/\/secure.gravatar.com\/avatar\/26d04747ce301b54596a69de0312a2ba?s=96&d=mm&r=g\",\"contentUrl\":\"https:\/\/secure.gravatar.com\/avatar\/26d04747ce301b54596a69de0312a2ba?s=96&d=mm&r=g\",\"caption\":\"ASITEC\"},\"url\":\"https:\/\/www.asitec-sl.com\/en\/author\/desarrollador\/\"}]}<\/script>\n<!-- \/ Yoast SEO plugin. -->","yoast_head_json":{"title":"Primera fase del proyecto de concentraci\u00f3n de vertidos de la aglomeraci\u00f3n urbana sur a la EDAR SUR de Granada - Asitec","robots":{"index":"index","follow":"follow","max-snippet":"max-snippet:-1","max-image-preview":"max-image-preview:large","max-video-preview":"max-video-preview:-1"},"canonical":"https:\/\/www.asitec-sl.com\/en\/concentracion-vertidos-edar-sur-granada\/","og_locale":"en_GB","og_type":"article","og_title":"Primera fase del proyecto de concentraci\u00f3n de vertidos de la aglomeraci\u00f3n urbana sur a la EDAR SUR de Granada - Asitec","og_description":"Proyecto de nuevos colectores para la eliminaci\u00f3n de los puntos de vertido de la agrupaci\u00f3n Sur de la vega de Granada hasta el emplazamiento de la EDAR. Recoge los puntos de vertido de los t\u00e9rminos municipales de La Zubia, Og\u00edjares,","og_url":"https:\/\/www.asitec-sl.com\/en\/concentracion-vertidos-edar-sur-granada\/","og_site_name":"Asitec","article_publisher":"https:\/\/www.facebook.com\/AsitecSL-1487006038267232\/","article_published_time":"2018-06-11T00:17:58+00:00","article_modified_time":"2018-06-14T20:57:38+00:00","og_image":[{"width":834,"height":673,"url":"https:\/\/www.asitec-sl.com\/wp-content\/uploads\/2018\/06\/008-e1529009410395.jpg","type":"image\/jpeg"}],"author":"ASITEC","twitter_card":"summary_large_image","twitter_misc":{"Written by":"ASITEC"},"schema":{"@context":"https:\/\/schema.org","@graph":[{"@type":"Article","@id":"https:\/\/www.asitec-sl.com\/en\/concentracion-vertidos-edar-sur-granada\/#article","isPartOf":{"@id":"https:\/\/www.asitec-sl.com\/en\/concentracion-vertidos-edar-sur-granada\/"},"author":{"name":"ASITEC","@id":"https:\/\/www.asitec-sl.com\/#\/schema\/person\/558d0e40562d1be7b8f9071aa6266749"},"headline":"Primera fase del proyecto de concentraci\u00f3n de vertidos de la aglomeraci\u00f3n urbana sur a la EDAR SUR de Granada","datePublished":"2018-06-11T00:17:58+00:00","dateModified":"2018-06-14T20:57:38+00:00","mainEntityOfPage":{"@id":"https:\/\/www.asitec-sl.com\/en\/concentracion-vertidos-edar-sur-granada\/"},"wordCount":71,"publisher":{"@id":"https:\/\/www.asitec-sl.com\/#organization"},"image":{"@id":"https:\/\/www.asitec-sl.com\/en\/concentracion-vertidos-edar-sur-granada\/#primaryimage"},"thumbnailUrl":"https:\/\/www.asitec-sl.com\/wp-content\/uploads\/2018\/06\/008-e1529009410395.jpg","articleSection":["Colectores"],"inLanguage":"en-GB"},{"@type":"WebPage","@id":"https:\/\/www.asitec-sl.com\/en\/concentracion-vertidos-edar-sur-granada\/","url":"https:\/\/www.asitec-sl.com\/en\/concentracion-vertidos-edar-sur-granada\/","name":"Primera fase del proyecto de concentraci\u00f3n de vertidos de la aglomeraci\u00f3n urbana sur a la EDAR SUR de Granada - Asitec","isPartOf":{"@id":"https:\/\/www.asitec-sl.com\/#website"},"primaryImageOfPage":{"@id":"https:\/\/www.asitec-sl.com\/en\/concentracion-vertidos-edar-sur-granada\/#primaryimage"},"image":{"@id":"https:\/\/www.asitec-sl.com\/en\/concentracion-vertidos-edar-sur-granada\/#primaryimage"},"thumbnailUrl":"https:\/\/www.asitec-sl.com\/wp-content\/uploads\/2018\/06\/008-e1529009410395.jpg","datePublished":"2018-06-11T00:17:58+00:00","dateModified":"2018-06-14T20:57:38+00:00","breadcrumb":{"@id":"https:\/\/www.asitec-sl.com\/en\/concentracion-vertidos-edar-sur-granada\/#breadcrumb"},"inLanguage":"en-GB","potentialAction":[{"@type":"ReadAction","target":["https:\/\/www.asitec-sl.com\/en\/concentracion-vertidos-edar-sur-granada\/"]}]},{"@type":"ImageObject","inLanguage":"en-GB","@id":"https:\/\/www.asitec-sl.com\/en\/concentracion-vertidos-edar-sur-granada\/#primaryimage","url":"https:\/\/www.asitec-sl.com\/wp-content\/uploads\/2018\/06\/008-e1529009410395.jpg","contentUrl":"https:\/\/www.asitec-sl.com\/wp-content\/uploads\/2018\/06\/008-e1529009410395.jpg","width":834,"height":673,"caption":"vertidos Edar Sur Granada"},{"@type":"BreadcrumbList","@id":"https:\/\/www.asitec-sl.com\/en\/concentracion-vertidos-edar-sur-granada\/#breadcrumb","itemListElement":[{"@type":"ListItem","position":1,"name":"Inicio","item":"https:\/\/www.asitec-sl.com\/"},{"@type":"ListItem","position":2,"name":"Primera fase del proyecto de concentraci\u00f3n de vertidos de la aglomeraci\u00f3n urbana sur a la EDAR SUR de Granada"}]},{"@type":"WebSite","@id":"https:\/\/www.asitec-sl.com\/#website","url":"https:\/\/www.asitec-sl.com\/","name":"Asitec","description":"Ingenier\u00eda, Urbanismos y Medio Ambiente S.L.P.","publisher":{"@id":"https:\/\/www.asitec-sl.com\/#organization"},"potentialAction":[{"@type":"SearchAction","target":{"@type":"EntryPoint","urlTemplate":"https:\/\/www.asitec-sl.com\/?s={search_term_string}"},"query-input":"required name=search_term_string"}],"inLanguage":"en-GB"},{"@type":"Organization","@id":"https:\/\/www.asitec-sl.com\/#organization","name":"ASITEC SLP","url":"https:\/\/www.asitec-sl.com\/","logo":{"@type":"ImageObject","inLanguage":"en-GB","@id":"https:\/\/www.asitec-sl.com\/#\/schema\/logo\/image\/","url":"https:\/\/www.asitec-sl.com\/wp-content\/uploads\/2018\/01\/logo-web-1.png","contentUrl":"https:\/\/www.asitec-sl.com\/wp-content\/uploads\/2018\/01\/logo-web-1.png","width":520,"height":184,"caption":"ASITEC SLP"},"image":{"@id":"https:\/\/www.asitec-sl.com\/#\/schema\/logo\/image\/"},"sameAs":["https:\/\/www.facebook.com\/AsitecSL-1487006038267232\/"]},{"@type":"Person","@id":"https:\/\/www.asitec-sl.com\/#\/schema\/person\/558d0e40562d1be7b8f9071aa6266749","name":"ASITEC","image":{"@type":"ImageObject","inLanguage":"en-GB","@id":"https:\/\/www.asitec-sl.com\/#\/schema\/person\/image\/","url":"https:\/\/secure.gravatar.com\/avatar\/26d04747ce301b54596a69de0312a2ba?s=96&d=mm&r=g","contentUrl":"https:\/\/secure.gravatar.com\/avatar\/26d04747ce301b54596a69de0312a2ba?s=96&d=mm&r=g","caption":"ASITEC"},"url":"https:\/\/www.asitec-sl.com\/en\/author\/desarrollador\/"}]}},"_links":{"self":[{"href":"https:\/\/www.asitec-sl.com\/en\/wp-json\/wp\/v2\/posts\/822"}],"collection":[{"href":"https:\/\/www.asitec-sl.com\/en\/wp-json\/wp\/v2\/posts"}],"about":[{"href":"https:\/\/www.asitec-sl.com\/en\/wp-json\/wp\/v2\/types\/post"}],"author":[{"embeddable":true,"href":"https:\/\/www.asitec-sl.com\/en\/wp-json\/wp\/v2\/users\/2"}],"replies":[{"embeddable":true,"href":"https:\/\/www.asitec-sl.com\/en\/wp-json\/wp\/v2\/comments?post=822"}],"version-history":[{"count":0,"href":"https:\/\/www.asitec-sl.com\/en\/wp-json\/wp\/v2\/posts\/822\/revisions"}],"wp:featuredmedia":[{"embeddable":true,"href":"https:\/\/www.asitec-sl.com\/en\/wp-json\/wp\/v2\/media\/823"}],"wp:attachment":[{"href":"https:\/\/www.asitec-sl.com\/en\/wp-json\/wp\/v2\/media?parent=822"}],"wp:term":[{"taxonomy":"category","embeddable":true,"href":"https:\/\/www.asitec-sl.com\/en\/wp-json\/wp\/v2\/categories?post=822"},{"taxonomy":"post_tag","embeddable":true,"href":"https:\/\/www.asitec-sl.com\/en\/wp-json\/wp\/v2\/tags?post=822"}],"curies":[{"name":"wp","href":"https:\/\/api.w.org\/{rel}","templated":true}]}}