{"id":798,"date":"2018-06-07T19:35:36","date_gmt":"2018-06-07T18:35:36","guid":{"rendered":"http:\/\/wp-asi.carlosarc.com\/?p=798"},"modified":"2018-06-14T21:47:48","modified_gmt":"2018-06-14T20:47:48","slug":"proyecto-colector-av-andalucia-huetor-vega-granada","status":"publish","type":"post","link":"https:\/\/www.asitec-sl.com\/en\/proyecto-colector-av-andalucia-huetor-vega-granada\/","title":{"rendered":"Proyecto colector de conexi\u00f3n Av. Andaluc\u00eda en Hu\u00e9tor Vega con colector general en enlace A-378 en el T.M. de Granada"},"content":{"rendered":"<p><img loading=\"lazy\" decoding=\"async\" class=\"aligncenter size-full wp-image-800\" src=\"http:\/\/wp-asi.carlosarc.com\/wp-content\/uploads\/2018\/06\/006.jpg\" alt=\"Colector huetor vega granada\" width=\"545\" height=\"439\" srcset=\"https:\/\/www.asitec-sl.com\/wp-content\/uploads\/2018\/06\/006.jpg 545w, https:\/\/www.asitec-sl.com\/wp-content\/uploads\/2018\/06\/006-300x242.jpg 300w\" sizes=\"(max-width: 545px) 100vw, 545px\" \/><\/p>\n<p>Nuevo colector que recoja gran parte del caudal del casco urbano de Hu\u00e9tor Vega desde la Av. Andaluc\u00eda hasta el colector general de saneamiento de Granada junto al cauce del r\u00edo Monachil en la glorieta de Cajar-La Zubia del enlace de la A-376. La longitud conjunta es de 1.186 m.<\/p>\n<p><strong>Fecha<\/strong>: diciembre 2011<\/p>","protected":false},"excerpt":{"rendered":"<p>Nuevo colector que recoja gran parte del caudal del casco urbano de Hu\u00e9tor Vega desde la Av. Andaluc\u00eda hasta el colector general de saneamiento de Granada junto al cauce del r\u00edo Monachil en la glorieta de Cajar-La Zubia del enlace<\/p>","protected":false},"author":2,"featured_media":800,"comment_status":"closed","ping_status":"closed","sticky":false,"template":"","format":"standard","meta":{"footnotes":""},"categories":[18],"tags":[],"class_list":["post-798","post","type-post","status-publish","format-standard","has-post-thumbnail","hentry","category-colectores"],"yoast_head":"<!-- This site is optimized with the Yoast SEO plugin v23.3 - https:\/\/yoast.com\/wordpress\/plugins\/seo\/ -->\n<title>Proyecto colector de conexi\u00f3n Av. Andaluc\u00eda en Hu\u00e9tor Vega con colector general en enlace A-378 en el T.M. de Granada - Asitec<\/title>\n<meta name=\"robots\" content=\"index, follow, max-snippet:-1, max-image-preview:large, max-video-preview:-1\" \/>\n<link rel=\"canonical\" href=\"https:\/\/www.asitec-sl.com\/en\/proyecto-colector-av-andalucia-huetor-vega-granada\/\" \/>\n<meta property=\"og:locale\" content=\"en_GB\" \/>\n<meta property=\"og:type\" content=\"article\" \/>\n<meta property=\"og:title\" content=\"Proyecto colector de conexi\u00f3n Av. Andaluc\u00eda en Hu\u00e9tor Vega con colector general en enlace A-378 en el T.M. de Granada - Asitec\" \/>\n<meta property=\"og:description\" content=\"Nuevo colector que recoja gran parte del caudal del casco urbano de Hu\u00e9tor Vega desde la Av. Andaluc\u00eda hasta el colector general de saneamiento de Granada junto al cauce del r\u00edo Monachil en la glorieta de Cajar-La Zubia del enlace\" \/>\n<meta property=\"og:url\" content=\"https:\/\/www.asitec-sl.com\/en\/proyecto-colector-av-andalucia-huetor-vega-granada\/\" \/>\n<meta property=\"og:site_name\" content=\"Asitec\" \/>\n<meta property=\"article:publisher\" content=\"https:\/\/www.facebook.com\/AsitecSL-1487006038267232\/\" \/>\n<meta property=\"article:published_time\" content=\"2018-06-07T18:35:36+00:00\" \/>\n<meta property=\"article:modified_time\" content=\"2018-06-14T20:47:48+00:00\" \/>\n<meta property=\"og:image\" content=\"https:\/\/www.asitec-sl.com\/wp-content\/uploads\/2018\/06\/006.jpg\" \/>\n\t<meta property=\"og:image:width\" content=\"545\" \/>\n\t<meta property=\"og:image:height\" content=\"439\" \/>\n\t<meta property=\"og:image:type\" content=\"image\/jpeg\" \/>\n<meta name=\"author\" content=\"ASITEC\" \/>\n<meta name=\"twitter:card\" content=\"summary_large_image\" \/>\n<meta name=\"twitter:label1\" content=\"Written by\" \/>\n\t<meta name=\"twitter:data1\" content=\"ASITEC\" \/>\n<script type=\"application\/ld+json\" class=\"yoast-schema-graph\">{\"@context\":\"https:\/\/schema.org\",\"@graph\":[{\"@type\":\"Article\",\"@id\":\"https:\/\/www.asitec-sl.com\/proyecto-colector-av-andalucia-huetor-vega-granada\/#article\",\"isPartOf\":{\"@id\":\"https:\/\/www.asitec-sl.com\/proyecto-colector-av-andalucia-huetor-vega-granada\/\"},\"author\":{\"name\":\"ASITEC\",\"@id\":\"https:\/\/www.asitec-sl.com\/#\/schema\/person\/558d0e40562d1be7b8f9071aa6266749\"},\"headline\":\"Proyecto colector de conexi\u00f3n Av. Andaluc\u00eda en Hu\u00e9tor Vega con colector general en enlace A-378 en el T.M. de Granada\",\"datePublished\":\"2018-06-07T18:35:36+00:00\",\"dateModified\":\"2018-06-14T20:47:48+00:00\",\"mainEntityOfPage\":{\"@id\":\"https:\/\/www.asitec-sl.com\/proyecto-colector-av-andalucia-huetor-vega-granada\/\"},\"wordCount\":78,\"publisher\":{\"@id\":\"https:\/\/www.asitec-sl.com\/#organization\"},\"image\":{\"@id\":\"https:\/\/www.asitec-sl.com\/proyecto-colector-av-andalucia-huetor-vega-granada\/#primaryimage\"},\"thumbnailUrl\":\"https:\/\/www.asitec-sl.com\/wp-content\/uploads\/2018\/06\/006.jpg\",\"articleSection\":[\"Colectores\"],\"inLanguage\":\"en-GB\"},{\"@type\":\"WebPage\",\"@id\":\"https:\/\/www.asitec-sl.com\/proyecto-colector-av-andalucia-huetor-vega-granada\/\",\"url\":\"https:\/\/www.asitec-sl.com\/proyecto-colector-av-andalucia-huetor-vega-granada\/\",\"name\":\"Proyecto colector de conexi\u00f3n Av. Andaluc\u00eda en Hu\u00e9tor Vega con colector general en enlace A-378 en el T.M. de Granada - Asitec\",\"isPartOf\":{\"@id\":\"https:\/\/www.asitec-sl.com\/#website\"},\"primaryImageOfPage\":{\"@id\":\"https:\/\/www.asitec-sl.com\/proyecto-colector-av-andalucia-huetor-vega-granada\/#primaryimage\"},\"image\":{\"@id\":\"https:\/\/www.asitec-sl.com\/proyecto-colector-av-andalucia-huetor-vega-granada\/#primaryimage\"},\"thumbnailUrl\":\"https:\/\/www.asitec-sl.com\/wp-content\/uploads\/2018\/06\/006.jpg\",\"datePublished\":\"2018-06-07T18:35:36+00:00\",\"dateModified\":\"2018-06-14T20:47:48+00:00\",\"breadcrumb\":{\"@id\":\"https:\/\/www.asitec-sl.com\/proyecto-colector-av-andalucia-huetor-vega-granada\/#breadcrumb\"},\"inLanguage\":\"en-GB\",\"potentialAction\":[{\"@type\":\"ReadAction\",\"target\":[\"https:\/\/www.asitec-sl.com\/proyecto-colector-av-andalucia-huetor-vega-granada\/\"]}]},{\"@type\":\"ImageObject\",\"inLanguage\":\"en-GB\",\"@id\":\"https:\/\/www.asitec-sl.com\/proyecto-colector-av-andalucia-huetor-vega-granada\/#primaryimage\",\"url\":\"https:\/\/www.asitec-sl.com\/wp-content\/uploads\/2018\/06\/006.jpg\",\"contentUrl\":\"https:\/\/www.asitec-sl.com\/wp-content\/uploads\/2018\/06\/006.jpg\",\"width\":545,\"height\":439,\"caption\":\"Colector huetor vega granada\"},{\"@type\":\"BreadcrumbList\",\"@id\":\"https:\/\/www.asitec-sl.com\/proyecto-colector-av-andalucia-huetor-vega-granada\/#breadcrumb\",\"itemListElement\":[{\"@type\":\"ListItem\",\"position\":1,\"name\":\"Inicio\",\"item\":\"https:\/\/www.asitec-sl.com\/\"},{\"@type\":\"ListItem\",\"position\":2,\"name\":\"Proyecto colector de conexi\u00f3n Av. Andaluc\u00eda en Hu\u00e9tor Vega con colector general en enlace A-378 en el T.M. de Granada\"}]},{\"@type\":\"WebSite\",\"@id\":\"https:\/\/www.asitec-sl.com\/#website\",\"url\":\"https:\/\/www.asitec-sl.com\/\",\"name\":\"Asitec\",\"description\":\"Ingenier\u00eda, Urbanismos y Medio Ambiente S.L.P.\",\"publisher\":{\"@id\":\"https:\/\/www.asitec-sl.com\/#organization\"},\"potentialAction\":[{\"@type\":\"SearchAction\",\"target\":{\"@type\":\"EntryPoint\",\"urlTemplate\":\"https:\/\/www.asitec-sl.com\/?s={search_term_string}\"},\"query-input\":\"required name=search_term_string\"}],\"inLanguage\":\"en-GB\"},{\"@type\":\"Organization\",\"@id\":\"https:\/\/www.asitec-sl.com\/#organization\",\"name\":\"ASITEC SLP\",\"url\":\"https:\/\/www.asitec-sl.com\/\",\"logo\":{\"@type\":\"ImageObject\",\"inLanguage\":\"en-GB\",\"@id\":\"https:\/\/www.asitec-sl.com\/#\/schema\/logo\/image\/\",\"url\":\"https:\/\/www.asitec-sl.com\/wp-content\/uploads\/2018\/01\/logo-web-1.png\",\"contentUrl\":\"https:\/\/www.asitec-sl.com\/wp-content\/uploads\/2018\/01\/logo-web-1.png\",\"width\":520,\"height\":184,\"caption\":\"ASITEC SLP\"},\"image\":{\"@id\":\"https:\/\/www.asitec-sl.com\/#\/schema\/logo\/image\/\"},\"sameAs\":[\"https:\/\/www.facebook.com\/AsitecSL-1487006038267232\/\"]},{\"@type\":\"Person\",\"@id\":\"https:\/\/www.asitec-sl.com\/#\/schema\/person\/558d0e40562d1be7b8f9071aa6266749\",\"name\":\"ASITEC\",\"image\":{\"@type\":\"ImageObject\",\"inLanguage\":\"en-GB\",\"@id\":\"https:\/\/www.asitec-sl.com\/#\/schema\/person\/image\/\",\"url\":\"https:\/\/secure.gravatar.com\/avatar\/26d04747ce301b54596a69de0312a2ba?s=96&d=mm&r=g\",\"contentUrl\":\"https:\/\/secure.gravatar.com\/avatar\/26d04747ce301b54596a69de0312a2ba?s=96&d=mm&r=g\",\"caption\":\"ASITEC\"},\"url\":\"https:\/\/www.asitec-sl.com\/en\/author\/desarrollador\/\"}]}<\/script>\n<!-- \/ Yoast SEO plugin. -->","yoast_head_json":{"title":"Proyecto colector de conexi\u00f3n Av. Andaluc\u00eda en Hu\u00e9tor Vega con colector general en enlace A-378 en el T.M. de Granada - Asitec","robots":{"index":"index","follow":"follow","max-snippet":"max-snippet:-1","max-image-preview":"max-image-preview:large","max-video-preview":"max-video-preview:-1"},"canonical":"https:\/\/www.asitec-sl.com\/en\/proyecto-colector-av-andalucia-huetor-vega-granada\/","og_locale":"en_GB","og_type":"article","og_title":"Proyecto colector de conexi\u00f3n Av. Andaluc\u00eda en Hu\u00e9tor Vega con colector general en enlace A-378 en el T.M. de Granada - Asitec","og_description":"Nuevo colector que recoja gran parte del caudal del casco urbano de Hu\u00e9tor Vega desde la Av. Andaluc\u00eda hasta el colector general de saneamiento de Granada junto al cauce del r\u00edo Monachil en la glorieta de Cajar-La Zubia del enlace","og_url":"https:\/\/www.asitec-sl.com\/en\/proyecto-colector-av-andalucia-huetor-vega-granada\/","og_site_name":"Asitec","article_publisher":"https:\/\/www.facebook.com\/AsitecSL-1487006038267232\/","article_published_time":"2018-06-07T18:35:36+00:00","article_modified_time":"2018-06-14T20:47:48+00:00","og_image":[{"width":545,"height":439,"url":"https:\/\/www.asitec-sl.com\/wp-content\/uploads\/2018\/06\/006.jpg","type":"image\/jpeg"}],"author":"ASITEC","twitter_card":"summary_large_image","twitter_misc":{"Written by":"ASITEC"},"schema":{"@context":"https:\/\/schema.org","@graph":[{"@type":"Article","@id":"https:\/\/www.asitec-sl.com\/proyecto-colector-av-andalucia-huetor-vega-granada\/#article","isPartOf":{"@id":"https:\/\/www.asitec-sl.com\/proyecto-colector-av-andalucia-huetor-vega-granada\/"},"author":{"name":"ASITEC","@id":"https:\/\/www.asitec-sl.com\/#\/schema\/person\/558d0e40562d1be7b8f9071aa6266749"},"headline":"Proyecto colector de conexi\u00f3n Av. Andaluc\u00eda en Hu\u00e9tor Vega con colector general en enlace A-378 en el T.M. de Granada","datePublished":"2018-06-07T18:35:36+00:00","dateModified":"2018-06-14T20:47:48+00:00","mainEntityOfPage":{"@id":"https:\/\/www.asitec-sl.com\/proyecto-colector-av-andalucia-huetor-vega-granada\/"},"wordCount":78,"publisher":{"@id":"https:\/\/www.asitec-sl.com\/#organization"},"image":{"@id":"https:\/\/www.asitec-sl.com\/proyecto-colector-av-andalucia-huetor-vega-granada\/#primaryimage"},"thumbnailUrl":"https:\/\/www.asitec-sl.com\/wp-content\/uploads\/2018\/06\/006.jpg","articleSection":["Colectores"],"inLanguage":"en-GB"},{"@type":"WebPage","@id":"https:\/\/www.asitec-sl.com\/proyecto-colector-av-andalucia-huetor-vega-granada\/","url":"https:\/\/www.asitec-sl.com\/proyecto-colector-av-andalucia-huetor-vega-granada\/","name":"Proyecto colector de conexi\u00f3n Av. Andaluc\u00eda en Hu\u00e9tor Vega con colector general en enlace A-378 en el T.M. de Granada - Asitec","isPartOf":{"@id":"https:\/\/www.asitec-sl.com\/#website"},"primaryImageOfPage":{"@id":"https:\/\/www.asitec-sl.com\/proyecto-colector-av-andalucia-huetor-vega-granada\/#primaryimage"},"image":{"@id":"https:\/\/www.asitec-sl.com\/proyecto-colector-av-andalucia-huetor-vega-granada\/#primaryimage"},"thumbnailUrl":"https:\/\/www.asitec-sl.com\/wp-content\/uploads\/2018\/06\/006.jpg","datePublished":"2018-06-07T18:35:36+00:00","dateModified":"2018-06-14T20:47:48+00:00","breadcrumb":{"@id":"https:\/\/www.asitec-sl.com\/proyecto-colector-av-andalucia-huetor-vega-granada\/#breadcrumb"},"inLanguage":"en-GB","potentialAction":[{"@type":"ReadAction","target":["https:\/\/www.asitec-sl.com\/proyecto-colector-av-andalucia-huetor-vega-granada\/"]}]},{"@type":"ImageObject","inLanguage":"en-GB","@id":"https:\/\/www.asitec-sl.com\/proyecto-colector-av-andalucia-huetor-vega-granada\/#primaryimage","url":"https:\/\/www.asitec-sl.com\/wp-content\/uploads\/2018\/06\/006.jpg","contentUrl":"https:\/\/www.asitec-sl.com\/wp-content\/uploads\/2018\/06\/006.jpg","width":545,"height":439,"caption":"Colector huetor vega granada"},{"@type":"BreadcrumbList","@id":"https:\/\/www.asitec-sl.com\/proyecto-colector-av-andalucia-huetor-vega-granada\/#breadcrumb","itemListElement":[{"@type":"ListItem","position":1,"name":"Inicio","item":"https:\/\/www.asitec-sl.com\/"},{"@type":"ListItem","position":2,"name":"Proyecto colector de conexi\u00f3n Av. Andaluc\u00eda en Hu\u00e9tor Vega con colector general en enlace A-378 en el T.M. de Granada"}]},{"@type":"WebSite","@id":"https:\/\/www.asitec-sl.com\/#website","url":"https:\/\/www.asitec-sl.com\/","name":"Asitec","description":"Ingenier\u00eda, Urbanismos y Medio Ambiente S.L.P.","publisher":{"@id":"https:\/\/www.asitec-sl.com\/#organization"},"potentialAction":[{"@type":"SearchAction","target":{"@type":"EntryPoint","urlTemplate":"https:\/\/www.asitec-sl.com\/?s={search_term_string}"},"query-input":"required name=search_term_string"}],"inLanguage":"en-GB"},{"@type":"Organization","@id":"https:\/\/www.asitec-sl.com\/#organization","name":"ASITEC SLP","url":"https:\/\/www.asitec-sl.com\/","logo":{"@type":"ImageObject","inLanguage":"en-GB","@id":"https:\/\/www.asitec-sl.com\/#\/schema\/logo\/image\/","url":"https:\/\/www.asitec-sl.com\/wp-content\/uploads\/2018\/01\/logo-web-1.png","contentUrl":"https:\/\/www.asitec-sl.com\/wp-content\/uploads\/2018\/01\/logo-web-1.png","width":520,"height":184,"caption":"ASITEC SLP"},"image":{"@id":"https:\/\/www.asitec-sl.com\/#\/schema\/logo\/image\/"},"sameAs":["https:\/\/www.facebook.com\/AsitecSL-1487006038267232\/"]},{"@type":"Person","@id":"https:\/\/www.asitec-sl.com\/#\/schema\/person\/558d0e40562d1be7b8f9071aa6266749","name":"ASITEC","image":{"@type":"ImageObject","inLanguage":"en-GB","@id":"https:\/\/www.asitec-sl.com\/#\/schema\/person\/image\/","url":"https:\/\/secure.gravatar.com\/avatar\/26d04747ce301b54596a69de0312a2ba?s=96&d=mm&r=g","contentUrl":"https:\/\/secure.gravatar.com\/avatar\/26d04747ce301b54596a69de0312a2ba?s=96&d=mm&r=g","caption":"ASITEC"},"url":"https:\/\/www.asitec-sl.com\/en\/author\/desarrollador\/"}]}},"_links":{"self":[{"href":"https:\/\/www.asitec-sl.com\/en\/wp-json\/wp\/v2\/posts\/798"}],"collection":[{"href":"https:\/\/www.asitec-sl.com\/en\/wp-json\/wp\/v2\/posts"}],"about":[{"href":"https:\/\/www.asitec-sl.com\/en\/wp-json\/wp\/v2\/types\/post"}],"author":[{"embeddable":true,"href":"https:\/\/www.asitec-sl.com\/en\/wp-json\/wp\/v2\/users\/2"}],"replies":[{"embeddable":true,"href":"https:\/\/www.asitec-sl.com\/en\/wp-json\/wp\/v2\/comments?post=798"}],"version-history":[{"count":0,"href":"https:\/\/www.asitec-sl.com\/en\/wp-json\/wp\/v2\/posts\/798\/revisions"}],"wp:featuredmedia":[{"embeddable":true,"href":"https:\/\/www.asitec-sl.com\/en\/wp-json\/wp\/v2\/media\/800"}],"wp:attachment":[{"href":"https:\/\/www.asitec-sl.com\/en\/wp-json\/wp\/v2\/media?parent=798"}],"wp:term":[{"taxonomy":"category","embeddable":true,"href":"https:\/\/www.asitec-sl.com\/en\/wp-json\/wp\/v2\/categories?post=798"},{"taxonomy":"post_tag","embeddable":true,"href":"https:\/\/www.asitec-sl.com\/en\/wp-json\/wp\/v2\/tags?post=798"}],"curies":[{"name":"wp","href":"https:\/\/api.w.org\/{rel}","templated":true}]}}