{"id":795,"date":"2018-06-07T19:22:10","date_gmt":"2018-06-07T18:22:10","guid":{"rendered":"http:\/\/wp-asi.carlosarc.com\/?p=795"},"modified":"2018-06-14T21:46:19","modified_gmt":"2018-06-14T20:46:19","slug":"proyecto-de-concentracion-de-vertidos-en-el-t-m-de-pulianas-granada","status":"publish","type":"post","link":"https:\/\/www.asitec-sl.com\/en\/proyecto-de-concentracion-de-vertidos-en-el-t-m-de-pulianas-granada\/","title":{"rendered":"Proyecto de concentraci\u00f3n de vertidos en el T.M. de Pulianas (Granada)"},"content":{"rendered":"<p><img loading=\"lazy\" decoding=\"async\" class=\"aligncenter size-full wp-image-796\" src=\"http:\/\/wp-asi.carlosarc.com\/wp-content\/uploads\/2018\/06\/005.jpg\" alt=\"\" width=\"540\" height=\"437\" srcset=\"https:\/\/www.asitec-sl.com\/wp-content\/uploads\/2018\/06\/005.jpg 540w, https:\/\/www.asitec-sl.com\/wp-content\/uploads\/2018\/06\/005-300x243.jpg 300w\" sizes=\"(max-width: 540px) 100vw, 540px\" \/><\/p>\n<p>Contempla las actuaciones necesarias para crear un nuevo trazado de colectores que recojan todos los vertidos de aguas residuales del T.M. de Pulianas hasta los sistemas generales de la agrupaci\u00f3n norte que est\u00e1 desarrollando la Junta de Andaluc\u00eda. La longitud conjunta de todos los colectores es de 7.027 metros de los cuales 1.284 corresponde a colector de aguas pluviales aliviadas.<\/p>\n<p><strong>Fecha<\/strong>: octubre 2009<\/p>","protected":false},"excerpt":{"rendered":"<p>Contempla las actuaciones necesarias para crear un nuevo trazado de colectores que recojan todos los vertidos de aguas residuales del T.M. de Pulianas hasta los sistemas generales de la agrupaci\u00f3n norte que est\u00e1 desarrollando la Junta de Andaluc\u00eda. La longitud<\/p>","protected":false},"author":2,"featured_media":796,"comment_status":"closed","ping_status":"closed","sticky":false,"template":"","format":"standard","meta":{"footnotes":""},"categories":[18],"tags":[],"class_list":["post-795","post","type-post","status-publish","format-standard","has-post-thumbnail","hentry","category-colectores"],"yoast_head":"<!-- This site is optimized with the Yoast SEO plugin v23.3 - https:\/\/yoast.com\/wordpress\/plugins\/seo\/ -->\n<title>Proyecto de concentraci\u00f3n de vertidos en el T.M. de Pulianas (Granada) - Asitec<\/title>\n<meta name=\"robots\" content=\"index, follow, max-snippet:-1, max-image-preview:large, max-video-preview:-1\" \/>\n<link rel=\"canonical\" href=\"https:\/\/www.asitec-sl.com\/en\/proyecto-de-concentracion-de-vertidos-en-el-t-m-de-pulianas-granada\/\" \/>\n<meta property=\"og:locale\" content=\"en_GB\" \/>\n<meta property=\"og:type\" content=\"article\" \/>\n<meta property=\"og:title\" content=\"Proyecto de concentraci\u00f3n de vertidos en el T.M. de Pulianas (Granada) - Asitec\" \/>\n<meta property=\"og:description\" content=\"Contempla las actuaciones necesarias para crear un nuevo trazado de colectores que recojan todos los vertidos de aguas residuales del T.M. de Pulianas hasta los sistemas generales de la agrupaci\u00f3n norte que est\u00e1 desarrollando la Junta de Andaluc\u00eda. La longitud\" \/>\n<meta property=\"og:url\" content=\"https:\/\/www.asitec-sl.com\/en\/proyecto-de-concentracion-de-vertidos-en-el-t-m-de-pulianas-granada\/\" \/>\n<meta property=\"og:site_name\" content=\"Asitec\" \/>\n<meta property=\"article:publisher\" content=\"https:\/\/www.facebook.com\/AsitecSL-1487006038267232\/\" \/>\n<meta property=\"article:published_time\" content=\"2018-06-07T18:22:10+00:00\" \/>\n<meta property=\"article:modified_time\" content=\"2018-06-14T20:46:19+00:00\" \/>\n<meta property=\"og:image\" content=\"https:\/\/www.asitec-sl.com\/wp-content\/uploads\/2018\/06\/005.jpg\" \/>\n\t<meta property=\"og:image:width\" content=\"540\" \/>\n\t<meta property=\"og:image:height\" content=\"437\" \/>\n\t<meta property=\"og:image:type\" content=\"image\/jpeg\" \/>\n<meta name=\"author\" content=\"ASITEC\" \/>\n<meta name=\"twitter:card\" content=\"summary_large_image\" \/>\n<meta name=\"twitter:label1\" content=\"Written by\" \/>\n\t<meta name=\"twitter:data1\" content=\"ASITEC\" \/>\n<script type=\"application\/ld+json\" class=\"yoast-schema-graph\">{\"@context\":\"https:\/\/schema.org\",\"@graph\":[{\"@type\":\"Article\",\"@id\":\"https:\/\/www.asitec-sl.com\/proyecto-de-concentracion-de-vertidos-en-el-t-m-de-pulianas-granada\/#article\",\"isPartOf\":{\"@id\":\"https:\/\/www.asitec-sl.com\/proyecto-de-concentracion-de-vertidos-en-el-t-m-de-pulianas-granada\/\"},\"author\":{\"name\":\"ASITEC\",\"@id\":\"https:\/\/www.asitec-sl.com\/#\/schema\/person\/558d0e40562d1be7b8f9071aa6266749\"},\"headline\":\"Proyecto de concentraci\u00f3n de vertidos en el T.M. de Pulianas (Granada)\",\"datePublished\":\"2018-06-07T18:22:10+00:00\",\"dateModified\":\"2018-06-14T20:46:19+00:00\",\"mainEntityOfPage\":{\"@id\":\"https:\/\/www.asitec-sl.com\/proyecto-de-concentracion-de-vertidos-en-el-t-m-de-pulianas-granada\/\"},\"wordCount\":76,\"publisher\":{\"@id\":\"https:\/\/www.asitec-sl.com\/#organization\"},\"image\":{\"@id\":\"https:\/\/www.asitec-sl.com\/proyecto-de-concentracion-de-vertidos-en-el-t-m-de-pulianas-granada\/#primaryimage\"},\"thumbnailUrl\":\"https:\/\/www.asitec-sl.com\/wp-content\/uploads\/2018\/06\/005.jpg\",\"articleSection\":[\"Colectores\"],\"inLanguage\":\"en-GB\"},{\"@type\":\"WebPage\",\"@id\":\"https:\/\/www.asitec-sl.com\/proyecto-de-concentracion-de-vertidos-en-el-t-m-de-pulianas-granada\/\",\"url\":\"https:\/\/www.asitec-sl.com\/proyecto-de-concentracion-de-vertidos-en-el-t-m-de-pulianas-granada\/\",\"name\":\"Proyecto de concentraci\u00f3n de vertidos en el T.M. de Pulianas (Granada) - Asitec\",\"isPartOf\":{\"@id\":\"https:\/\/www.asitec-sl.com\/#website\"},\"primaryImageOfPage\":{\"@id\":\"https:\/\/www.asitec-sl.com\/proyecto-de-concentracion-de-vertidos-en-el-t-m-de-pulianas-granada\/#primaryimage\"},\"image\":{\"@id\":\"https:\/\/www.asitec-sl.com\/proyecto-de-concentracion-de-vertidos-en-el-t-m-de-pulianas-granada\/#primaryimage\"},\"thumbnailUrl\":\"https:\/\/www.asitec-sl.com\/wp-content\/uploads\/2018\/06\/005.jpg\",\"datePublished\":\"2018-06-07T18:22:10+00:00\",\"dateModified\":\"2018-06-14T20:46:19+00:00\",\"breadcrumb\":{\"@id\":\"https:\/\/www.asitec-sl.com\/proyecto-de-concentracion-de-vertidos-en-el-t-m-de-pulianas-granada\/#breadcrumb\"},\"inLanguage\":\"en-GB\",\"potentialAction\":[{\"@type\":\"ReadAction\",\"target\":[\"https:\/\/www.asitec-sl.com\/proyecto-de-concentracion-de-vertidos-en-el-t-m-de-pulianas-granada\/\"]}]},{\"@type\":\"ImageObject\",\"inLanguage\":\"en-GB\",\"@id\":\"https:\/\/www.asitec-sl.com\/proyecto-de-concentracion-de-vertidos-en-el-t-m-de-pulianas-granada\/#primaryimage\",\"url\":\"https:\/\/www.asitec-sl.com\/wp-content\/uploads\/2018\/06\/005.jpg\",\"contentUrl\":\"https:\/\/www.asitec-sl.com\/wp-content\/uploads\/2018\/06\/005.jpg\",\"width\":540,\"height\":437},{\"@type\":\"BreadcrumbList\",\"@id\":\"https:\/\/www.asitec-sl.com\/proyecto-de-concentracion-de-vertidos-en-el-t-m-de-pulianas-granada\/#breadcrumb\",\"itemListElement\":[{\"@type\":\"ListItem\",\"position\":1,\"name\":\"Inicio\",\"item\":\"https:\/\/www.asitec-sl.com\/\"},{\"@type\":\"ListItem\",\"position\":2,\"name\":\"Proyecto de concentraci\u00f3n de vertidos en el T.M. de Pulianas (Granada)\"}]},{\"@type\":\"WebSite\",\"@id\":\"https:\/\/www.asitec-sl.com\/#website\",\"url\":\"https:\/\/www.asitec-sl.com\/\",\"name\":\"Asitec\",\"description\":\"Ingenier\u00eda, Urbanismos y Medio Ambiente S.L.P.\",\"publisher\":{\"@id\":\"https:\/\/www.asitec-sl.com\/#organization\"},\"potentialAction\":[{\"@type\":\"SearchAction\",\"target\":{\"@type\":\"EntryPoint\",\"urlTemplate\":\"https:\/\/www.asitec-sl.com\/?s={search_term_string}\"},\"query-input\":\"required name=search_term_string\"}],\"inLanguage\":\"en-GB\"},{\"@type\":\"Organization\",\"@id\":\"https:\/\/www.asitec-sl.com\/#organization\",\"name\":\"ASITEC SLP\",\"url\":\"https:\/\/www.asitec-sl.com\/\",\"logo\":{\"@type\":\"ImageObject\",\"inLanguage\":\"en-GB\",\"@id\":\"https:\/\/www.asitec-sl.com\/#\/schema\/logo\/image\/\",\"url\":\"https:\/\/www.asitec-sl.com\/wp-content\/uploads\/2018\/01\/logo-web-1.png\",\"contentUrl\":\"https:\/\/www.asitec-sl.com\/wp-content\/uploads\/2018\/01\/logo-web-1.png\",\"width\":520,\"height\":184,\"caption\":\"ASITEC SLP\"},\"image\":{\"@id\":\"https:\/\/www.asitec-sl.com\/#\/schema\/logo\/image\/\"},\"sameAs\":[\"https:\/\/www.facebook.com\/AsitecSL-1487006038267232\/\"]},{\"@type\":\"Person\",\"@id\":\"https:\/\/www.asitec-sl.com\/#\/schema\/person\/558d0e40562d1be7b8f9071aa6266749\",\"name\":\"ASITEC\",\"image\":{\"@type\":\"ImageObject\",\"inLanguage\":\"en-GB\",\"@id\":\"https:\/\/www.asitec-sl.com\/#\/schema\/person\/image\/\",\"url\":\"https:\/\/secure.gravatar.com\/avatar\/26d04747ce301b54596a69de0312a2ba?s=96&d=mm&r=g\",\"contentUrl\":\"https:\/\/secure.gravatar.com\/avatar\/26d04747ce301b54596a69de0312a2ba?s=96&d=mm&r=g\",\"caption\":\"ASITEC\"},\"url\":\"https:\/\/www.asitec-sl.com\/en\/author\/desarrollador\/\"}]}<\/script>\n<!-- \/ Yoast SEO plugin. -->","yoast_head_json":{"title":"Proyecto de concentraci\u00f3n de vertidos en el T.M. de Pulianas (Granada) - Asitec","robots":{"index":"index","follow":"follow","max-snippet":"max-snippet:-1","max-image-preview":"max-image-preview:large","max-video-preview":"max-video-preview:-1"},"canonical":"https:\/\/www.asitec-sl.com\/en\/proyecto-de-concentracion-de-vertidos-en-el-t-m-de-pulianas-granada\/","og_locale":"en_GB","og_type":"article","og_title":"Proyecto de concentraci\u00f3n de vertidos en el T.M. de Pulianas (Granada) - Asitec","og_description":"Contempla las actuaciones necesarias para crear un nuevo trazado de colectores que recojan todos los vertidos de aguas residuales del T.M. de Pulianas hasta los sistemas generales de la agrupaci\u00f3n norte que est\u00e1 desarrollando la Junta de Andaluc\u00eda. La longitud","og_url":"https:\/\/www.asitec-sl.com\/en\/proyecto-de-concentracion-de-vertidos-en-el-t-m-de-pulianas-granada\/","og_site_name":"Asitec","article_publisher":"https:\/\/www.facebook.com\/AsitecSL-1487006038267232\/","article_published_time":"2018-06-07T18:22:10+00:00","article_modified_time":"2018-06-14T20:46:19+00:00","og_image":[{"width":540,"height":437,"url":"https:\/\/www.asitec-sl.com\/wp-content\/uploads\/2018\/06\/005.jpg","type":"image\/jpeg"}],"author":"ASITEC","twitter_card":"summary_large_image","twitter_misc":{"Written by":"ASITEC"},"schema":{"@context":"https:\/\/schema.org","@graph":[{"@type":"Article","@id":"https:\/\/www.asitec-sl.com\/proyecto-de-concentracion-de-vertidos-en-el-t-m-de-pulianas-granada\/#article","isPartOf":{"@id":"https:\/\/www.asitec-sl.com\/proyecto-de-concentracion-de-vertidos-en-el-t-m-de-pulianas-granada\/"},"author":{"name":"ASITEC","@id":"https:\/\/www.asitec-sl.com\/#\/schema\/person\/558d0e40562d1be7b8f9071aa6266749"},"headline":"Proyecto de concentraci\u00f3n de vertidos en el T.M. de Pulianas (Granada)","datePublished":"2018-06-07T18:22:10+00:00","dateModified":"2018-06-14T20:46:19+00:00","mainEntityOfPage":{"@id":"https:\/\/www.asitec-sl.com\/proyecto-de-concentracion-de-vertidos-en-el-t-m-de-pulianas-granada\/"},"wordCount":76,"publisher":{"@id":"https:\/\/www.asitec-sl.com\/#organization"},"image":{"@id":"https:\/\/www.asitec-sl.com\/proyecto-de-concentracion-de-vertidos-en-el-t-m-de-pulianas-granada\/#primaryimage"},"thumbnailUrl":"https:\/\/www.asitec-sl.com\/wp-content\/uploads\/2018\/06\/005.jpg","articleSection":["Colectores"],"inLanguage":"en-GB"},{"@type":"WebPage","@id":"https:\/\/www.asitec-sl.com\/proyecto-de-concentracion-de-vertidos-en-el-t-m-de-pulianas-granada\/","url":"https:\/\/www.asitec-sl.com\/proyecto-de-concentracion-de-vertidos-en-el-t-m-de-pulianas-granada\/","name":"Proyecto de concentraci\u00f3n de vertidos en el T.M. de Pulianas (Granada) - Asitec","isPartOf":{"@id":"https:\/\/www.asitec-sl.com\/#website"},"primaryImageOfPage":{"@id":"https:\/\/www.asitec-sl.com\/proyecto-de-concentracion-de-vertidos-en-el-t-m-de-pulianas-granada\/#primaryimage"},"image":{"@id":"https:\/\/www.asitec-sl.com\/proyecto-de-concentracion-de-vertidos-en-el-t-m-de-pulianas-granada\/#primaryimage"},"thumbnailUrl":"https:\/\/www.asitec-sl.com\/wp-content\/uploads\/2018\/06\/005.jpg","datePublished":"2018-06-07T18:22:10+00:00","dateModified":"2018-06-14T20:46:19+00:00","breadcrumb":{"@id":"https:\/\/www.asitec-sl.com\/proyecto-de-concentracion-de-vertidos-en-el-t-m-de-pulianas-granada\/#breadcrumb"},"inLanguage":"en-GB","potentialAction":[{"@type":"ReadAction","target":["https:\/\/www.asitec-sl.com\/proyecto-de-concentracion-de-vertidos-en-el-t-m-de-pulianas-granada\/"]}]},{"@type":"ImageObject","inLanguage":"en-GB","@id":"https:\/\/www.asitec-sl.com\/proyecto-de-concentracion-de-vertidos-en-el-t-m-de-pulianas-granada\/#primaryimage","url":"https:\/\/www.asitec-sl.com\/wp-content\/uploads\/2018\/06\/005.jpg","contentUrl":"https:\/\/www.asitec-sl.com\/wp-content\/uploads\/2018\/06\/005.jpg","width":540,"height":437},{"@type":"BreadcrumbList","@id":"https:\/\/www.asitec-sl.com\/proyecto-de-concentracion-de-vertidos-en-el-t-m-de-pulianas-granada\/#breadcrumb","itemListElement":[{"@type":"ListItem","position":1,"name":"Inicio","item":"https:\/\/www.asitec-sl.com\/"},{"@type":"ListItem","position":2,"name":"Proyecto de concentraci\u00f3n de vertidos en el T.M. de Pulianas (Granada)"}]},{"@type":"WebSite","@id":"https:\/\/www.asitec-sl.com\/#website","url":"https:\/\/www.asitec-sl.com\/","name":"Asitec","description":"Ingenier\u00eda, Urbanismos y Medio Ambiente S.L.P.","publisher":{"@id":"https:\/\/www.asitec-sl.com\/#organization"},"potentialAction":[{"@type":"SearchAction","target":{"@type":"EntryPoint","urlTemplate":"https:\/\/www.asitec-sl.com\/?s={search_term_string}"},"query-input":"required name=search_term_string"}],"inLanguage":"en-GB"},{"@type":"Organization","@id":"https:\/\/www.asitec-sl.com\/#organization","name":"ASITEC SLP","url":"https:\/\/www.asitec-sl.com\/","logo":{"@type":"ImageObject","inLanguage":"en-GB","@id":"https:\/\/www.asitec-sl.com\/#\/schema\/logo\/image\/","url":"https:\/\/www.asitec-sl.com\/wp-content\/uploads\/2018\/01\/logo-web-1.png","contentUrl":"https:\/\/www.asitec-sl.com\/wp-content\/uploads\/2018\/01\/logo-web-1.png","width":520,"height":184,"caption":"ASITEC SLP"},"image":{"@id":"https:\/\/www.asitec-sl.com\/#\/schema\/logo\/image\/"},"sameAs":["https:\/\/www.facebook.com\/AsitecSL-1487006038267232\/"]},{"@type":"Person","@id":"https:\/\/www.asitec-sl.com\/#\/schema\/person\/558d0e40562d1be7b8f9071aa6266749","name":"ASITEC","image":{"@type":"ImageObject","inLanguage":"en-GB","@id":"https:\/\/www.asitec-sl.com\/#\/schema\/person\/image\/","url":"https:\/\/secure.gravatar.com\/avatar\/26d04747ce301b54596a69de0312a2ba?s=96&d=mm&r=g","contentUrl":"https:\/\/secure.gravatar.com\/avatar\/26d04747ce301b54596a69de0312a2ba?s=96&d=mm&r=g","caption":"ASITEC"},"url":"https:\/\/www.asitec-sl.com\/en\/author\/desarrollador\/"}]}},"_links":{"self":[{"href":"https:\/\/www.asitec-sl.com\/en\/wp-json\/wp\/v2\/posts\/795"}],"collection":[{"href":"https:\/\/www.asitec-sl.com\/en\/wp-json\/wp\/v2\/posts"}],"about":[{"href":"https:\/\/www.asitec-sl.com\/en\/wp-json\/wp\/v2\/types\/post"}],"author":[{"embeddable":true,"href":"https:\/\/www.asitec-sl.com\/en\/wp-json\/wp\/v2\/users\/2"}],"replies":[{"embeddable":true,"href":"https:\/\/www.asitec-sl.com\/en\/wp-json\/wp\/v2\/comments?post=795"}],"version-history":[{"count":0,"href":"https:\/\/www.asitec-sl.com\/en\/wp-json\/wp\/v2\/posts\/795\/revisions"}],"wp:featuredmedia":[{"embeddable":true,"href":"https:\/\/www.asitec-sl.com\/en\/wp-json\/wp\/v2\/media\/796"}],"wp:attachment":[{"href":"https:\/\/www.asitec-sl.com\/en\/wp-json\/wp\/v2\/media?parent=795"}],"wp:term":[{"taxonomy":"category","embeddable":true,"href":"https:\/\/www.asitec-sl.com\/en\/wp-json\/wp\/v2\/categories?post=795"},{"taxonomy":"post_tag","embeddable":true,"href":"https:\/\/www.asitec-sl.com\/en\/wp-json\/wp\/v2\/tags?post=795"}],"curies":[{"name":"wp","href":"https:\/\/api.w.org\/{rel}","templated":true}]}}