{"id":784,"date":"2018-06-07T18:57:25","date_gmt":"2018-06-07T17:57:25","guid":{"rendered":"http:\/\/wp-asi.carlosarc.com\/?p=784"},"modified":"2018-06-14T21:43:07","modified_gmt":"2018-06-14T20:43:07","slug":"proyecto-colector-oeste-aguas-pluviales-pulianas-granada","status":"publish","type":"post","link":"https:\/\/www.asitec-sl.com\/en\/proyecto-colector-oeste-aguas-pluviales-pulianas-granada\/","title":{"rendered":"Proyecto colector oeste y colector de aguas pluviales de Pulianas. Fase 1 (Granada)"},"content":{"rendered":"<p><img loading=\"lazy\" decoding=\"async\" class=\"aligncenter size-full wp-image-825\" src=\"http:\/\/wp-asi.carlosarc.com\/wp-content\/uploads\/2018\/06\/004-2.jpg\" alt=\"colector aguas pluviales pulianas\" width=\"900\" height=\"700\" srcset=\"https:\/\/www.asitec-sl.com\/wp-content\/uploads\/2018\/06\/004-2.jpg 900w, https:\/\/www.asitec-sl.com\/wp-content\/uploads\/2018\/06\/004-2-300x233.jpg 300w, https:\/\/www.asitec-sl.com\/wp-content\/uploads\/2018\/06\/004-2-768x597.jpg 768w\" sizes=\"(max-width: 900px) 100vw, 900px\" \/><\/p>\n<p>Para la vertiente norte del municipio es necesaria la implantaci\u00f3n de un colector general que elimine los puntos de vertido de esa vertiente hasta el emplazamiento de la estaci\u00f3n de bombeo correspondiente a la Fase 2. Para ello se ha dise\u00f1ado un colector de pluviales, colector de aguas negras y tramo de encauzamiento de pluviales.<\/p>\n<p><strong>Fecha<\/strong>: septiembre 2006<\/p>","protected":false},"excerpt":{"rendered":"<p>Para la vertiente norte del municipio es necesaria la implantaci\u00f3n de un colector general que elimine los puntos de vertido de esa vertiente hasta el emplazamiento de la estaci\u00f3n de bombeo correspondiente a la Fase 2. Para ello se ha<\/p>","protected":false},"author":2,"featured_media":825,"comment_status":"closed","ping_status":"closed","sticky":false,"template":"","format":"standard","meta":{"footnotes":""},"categories":[18],"tags":[],"class_list":["post-784","post","type-post","status-publish","format-standard","has-post-thumbnail","hentry","category-colectores"],"yoast_head":"<!-- This site is optimized with the Yoast SEO plugin v23.3 - https:\/\/yoast.com\/wordpress\/plugins\/seo\/ -->\n<title>Proyecto colector oeste y colector de aguas pluviales de Pulianas. Fase 1 (Granada) - Asitec<\/title>\n<meta name=\"robots\" content=\"index, follow, max-snippet:-1, max-image-preview:large, max-video-preview:-1\" \/>\n<link rel=\"canonical\" href=\"https:\/\/www.asitec-sl.com\/en\/proyecto-colector-oeste-aguas-pluviales-pulianas-granada\/\" \/>\n<meta property=\"og:locale\" content=\"en_GB\" \/>\n<meta property=\"og:type\" content=\"article\" \/>\n<meta property=\"og:title\" content=\"Proyecto colector oeste y colector de aguas pluviales de Pulianas. Fase 1 (Granada) - Asitec\" \/>\n<meta property=\"og:description\" content=\"Para la vertiente norte del municipio es necesaria la implantaci\u00f3n de un colector general que elimine los puntos de vertido de esa vertiente hasta el emplazamiento de la estaci\u00f3n de bombeo correspondiente a la Fase 2. Para ello se ha\" \/>\n<meta property=\"og:url\" content=\"https:\/\/www.asitec-sl.com\/en\/proyecto-colector-oeste-aguas-pluviales-pulianas-granada\/\" \/>\n<meta property=\"og:site_name\" content=\"Asitec\" \/>\n<meta property=\"article:publisher\" content=\"https:\/\/www.facebook.com\/AsitecSL-1487006038267232\/\" \/>\n<meta property=\"article:published_time\" content=\"2018-06-07T17:57:25+00:00\" \/>\n<meta property=\"article:modified_time\" content=\"2018-06-14T20:43:07+00:00\" \/>\n<meta property=\"og:image\" content=\"https:\/\/www.asitec-sl.com\/wp-content\/uploads\/2018\/06\/004-2.jpg\" \/>\n\t<meta property=\"og:image:width\" content=\"900\" \/>\n\t<meta property=\"og:image:height\" content=\"700\" \/>\n\t<meta property=\"og:image:type\" content=\"image\/jpeg\" \/>\n<meta name=\"author\" content=\"ASITEC\" \/>\n<meta name=\"twitter:card\" content=\"summary_large_image\" \/>\n<meta name=\"twitter:label1\" content=\"Written by\" \/>\n\t<meta name=\"twitter:data1\" content=\"ASITEC\" \/>\n<script type=\"application\/ld+json\" class=\"yoast-schema-graph\">{\"@context\":\"https:\/\/schema.org\",\"@graph\":[{\"@type\":\"Article\",\"@id\":\"https:\/\/www.asitec-sl.com\/proyecto-colector-oeste-aguas-pluviales-pulianas-granada\/#article\",\"isPartOf\":{\"@id\":\"https:\/\/www.asitec-sl.com\/proyecto-colector-oeste-aguas-pluviales-pulianas-granada\/\"},\"author\":{\"name\":\"ASITEC\",\"@id\":\"https:\/\/www.asitec-sl.com\/#\/schema\/person\/558d0e40562d1be7b8f9071aa6266749\"},\"headline\":\"Proyecto colector oeste y colector de aguas pluviales de Pulianas. Fase 1 (Granada)\",\"datePublished\":\"2018-06-07T17:57:25+00:00\",\"dateModified\":\"2018-06-14T20:43:07+00:00\",\"mainEntityOfPage\":{\"@id\":\"https:\/\/www.asitec-sl.com\/proyecto-colector-oeste-aguas-pluviales-pulianas-granada\/\"},\"wordCount\":71,\"publisher\":{\"@id\":\"https:\/\/www.asitec-sl.com\/#organization\"},\"image\":{\"@id\":\"https:\/\/www.asitec-sl.com\/proyecto-colector-oeste-aguas-pluviales-pulianas-granada\/#primaryimage\"},\"thumbnailUrl\":\"https:\/\/www.asitec-sl.com\/wp-content\/uploads\/2018\/06\/004-2.jpg\",\"articleSection\":[\"Colectores\"],\"inLanguage\":\"en-GB\"},{\"@type\":\"WebPage\",\"@id\":\"https:\/\/www.asitec-sl.com\/proyecto-colector-oeste-aguas-pluviales-pulianas-granada\/\",\"url\":\"https:\/\/www.asitec-sl.com\/proyecto-colector-oeste-aguas-pluviales-pulianas-granada\/\",\"name\":\"Proyecto colector oeste y colector de aguas pluviales de Pulianas. Fase 1 (Granada) - Asitec\",\"isPartOf\":{\"@id\":\"https:\/\/www.asitec-sl.com\/#website\"},\"primaryImageOfPage\":{\"@id\":\"https:\/\/www.asitec-sl.com\/proyecto-colector-oeste-aguas-pluviales-pulianas-granada\/#primaryimage\"},\"image\":{\"@id\":\"https:\/\/www.asitec-sl.com\/proyecto-colector-oeste-aguas-pluviales-pulianas-granada\/#primaryimage\"},\"thumbnailUrl\":\"https:\/\/www.asitec-sl.com\/wp-content\/uploads\/2018\/06\/004-2.jpg\",\"datePublished\":\"2018-06-07T17:57:25+00:00\",\"dateModified\":\"2018-06-14T20:43:07+00:00\",\"breadcrumb\":{\"@id\":\"https:\/\/www.asitec-sl.com\/proyecto-colector-oeste-aguas-pluviales-pulianas-granada\/#breadcrumb\"},\"inLanguage\":\"en-GB\",\"potentialAction\":[{\"@type\":\"ReadAction\",\"target\":[\"https:\/\/www.asitec-sl.com\/proyecto-colector-oeste-aguas-pluviales-pulianas-granada\/\"]}]},{\"@type\":\"ImageObject\",\"inLanguage\":\"en-GB\",\"@id\":\"https:\/\/www.asitec-sl.com\/proyecto-colector-oeste-aguas-pluviales-pulianas-granada\/#primaryimage\",\"url\":\"https:\/\/www.asitec-sl.com\/wp-content\/uploads\/2018\/06\/004-2.jpg\",\"contentUrl\":\"https:\/\/www.asitec-sl.com\/wp-content\/uploads\/2018\/06\/004-2.jpg\",\"width\":900,\"height\":700,\"caption\":\"colector aguas pluviales pulianas\"},{\"@type\":\"BreadcrumbList\",\"@id\":\"https:\/\/www.asitec-sl.com\/proyecto-colector-oeste-aguas-pluviales-pulianas-granada\/#breadcrumb\",\"itemListElement\":[{\"@type\":\"ListItem\",\"position\":1,\"name\":\"Inicio\",\"item\":\"https:\/\/www.asitec-sl.com\/\"},{\"@type\":\"ListItem\",\"position\":2,\"name\":\"Proyecto colector oeste y colector de aguas pluviales de Pulianas. Fase 1 (Granada)\"}]},{\"@type\":\"WebSite\",\"@id\":\"https:\/\/www.asitec-sl.com\/#website\",\"url\":\"https:\/\/www.asitec-sl.com\/\",\"name\":\"Asitec\",\"description\":\"Ingenier\u00eda, Urbanismos y Medio Ambiente S.L.P.\",\"publisher\":{\"@id\":\"https:\/\/www.asitec-sl.com\/#organization\"},\"potentialAction\":[{\"@type\":\"SearchAction\",\"target\":{\"@type\":\"EntryPoint\",\"urlTemplate\":\"https:\/\/www.asitec-sl.com\/?s={search_term_string}\"},\"query-input\":\"required name=search_term_string\"}],\"inLanguage\":\"en-GB\"},{\"@type\":\"Organization\",\"@id\":\"https:\/\/www.asitec-sl.com\/#organization\",\"name\":\"ASITEC SLP\",\"url\":\"https:\/\/www.asitec-sl.com\/\",\"logo\":{\"@type\":\"ImageObject\",\"inLanguage\":\"en-GB\",\"@id\":\"https:\/\/www.asitec-sl.com\/#\/schema\/logo\/image\/\",\"url\":\"https:\/\/www.asitec-sl.com\/wp-content\/uploads\/2018\/01\/logo-web-1.png\",\"contentUrl\":\"https:\/\/www.asitec-sl.com\/wp-content\/uploads\/2018\/01\/logo-web-1.png\",\"width\":520,\"height\":184,\"caption\":\"ASITEC SLP\"},\"image\":{\"@id\":\"https:\/\/www.asitec-sl.com\/#\/schema\/logo\/image\/\"},\"sameAs\":[\"https:\/\/www.facebook.com\/AsitecSL-1487006038267232\/\"]},{\"@type\":\"Person\",\"@id\":\"https:\/\/www.asitec-sl.com\/#\/schema\/person\/558d0e40562d1be7b8f9071aa6266749\",\"name\":\"ASITEC\",\"image\":{\"@type\":\"ImageObject\",\"inLanguage\":\"en-GB\",\"@id\":\"https:\/\/www.asitec-sl.com\/#\/schema\/person\/image\/\",\"url\":\"https:\/\/secure.gravatar.com\/avatar\/26d04747ce301b54596a69de0312a2ba?s=96&d=mm&r=g\",\"contentUrl\":\"https:\/\/secure.gravatar.com\/avatar\/26d04747ce301b54596a69de0312a2ba?s=96&d=mm&r=g\",\"caption\":\"ASITEC\"},\"url\":\"https:\/\/www.asitec-sl.com\/en\/author\/desarrollador\/\"}]}<\/script>\n<!-- \/ Yoast SEO plugin. -->","yoast_head_json":{"title":"Proyecto colector oeste y colector de aguas pluviales de Pulianas. Fase 1 (Granada) - Asitec","robots":{"index":"index","follow":"follow","max-snippet":"max-snippet:-1","max-image-preview":"max-image-preview:large","max-video-preview":"max-video-preview:-1"},"canonical":"https:\/\/www.asitec-sl.com\/en\/proyecto-colector-oeste-aguas-pluviales-pulianas-granada\/","og_locale":"en_GB","og_type":"article","og_title":"Proyecto colector oeste y colector de aguas pluviales de Pulianas. Fase 1 (Granada) - Asitec","og_description":"Para la vertiente norte del municipio es necesaria la implantaci\u00f3n de un colector general que elimine los puntos de vertido de esa vertiente hasta el emplazamiento de la estaci\u00f3n de bombeo correspondiente a la Fase 2. Para ello se ha","og_url":"https:\/\/www.asitec-sl.com\/en\/proyecto-colector-oeste-aguas-pluviales-pulianas-granada\/","og_site_name":"Asitec","article_publisher":"https:\/\/www.facebook.com\/AsitecSL-1487006038267232\/","article_published_time":"2018-06-07T17:57:25+00:00","article_modified_time":"2018-06-14T20:43:07+00:00","og_image":[{"width":900,"height":700,"url":"https:\/\/www.asitec-sl.com\/wp-content\/uploads\/2018\/06\/004-2.jpg","type":"image\/jpeg"}],"author":"ASITEC","twitter_card":"summary_large_image","twitter_misc":{"Written by":"ASITEC"},"schema":{"@context":"https:\/\/schema.org","@graph":[{"@type":"Article","@id":"https:\/\/www.asitec-sl.com\/proyecto-colector-oeste-aguas-pluviales-pulianas-granada\/#article","isPartOf":{"@id":"https:\/\/www.asitec-sl.com\/proyecto-colector-oeste-aguas-pluviales-pulianas-granada\/"},"author":{"name":"ASITEC","@id":"https:\/\/www.asitec-sl.com\/#\/schema\/person\/558d0e40562d1be7b8f9071aa6266749"},"headline":"Proyecto colector oeste y colector de aguas pluviales de Pulianas. Fase 1 (Granada)","datePublished":"2018-06-07T17:57:25+00:00","dateModified":"2018-06-14T20:43:07+00:00","mainEntityOfPage":{"@id":"https:\/\/www.asitec-sl.com\/proyecto-colector-oeste-aguas-pluviales-pulianas-granada\/"},"wordCount":71,"publisher":{"@id":"https:\/\/www.asitec-sl.com\/#organization"},"image":{"@id":"https:\/\/www.asitec-sl.com\/proyecto-colector-oeste-aguas-pluviales-pulianas-granada\/#primaryimage"},"thumbnailUrl":"https:\/\/www.asitec-sl.com\/wp-content\/uploads\/2018\/06\/004-2.jpg","articleSection":["Colectores"],"inLanguage":"en-GB"},{"@type":"WebPage","@id":"https:\/\/www.asitec-sl.com\/proyecto-colector-oeste-aguas-pluviales-pulianas-granada\/","url":"https:\/\/www.asitec-sl.com\/proyecto-colector-oeste-aguas-pluviales-pulianas-granada\/","name":"Proyecto colector oeste y colector de aguas pluviales de Pulianas. Fase 1 (Granada) - Asitec","isPartOf":{"@id":"https:\/\/www.asitec-sl.com\/#website"},"primaryImageOfPage":{"@id":"https:\/\/www.asitec-sl.com\/proyecto-colector-oeste-aguas-pluviales-pulianas-granada\/#primaryimage"},"image":{"@id":"https:\/\/www.asitec-sl.com\/proyecto-colector-oeste-aguas-pluviales-pulianas-granada\/#primaryimage"},"thumbnailUrl":"https:\/\/www.asitec-sl.com\/wp-content\/uploads\/2018\/06\/004-2.jpg","datePublished":"2018-06-07T17:57:25+00:00","dateModified":"2018-06-14T20:43:07+00:00","breadcrumb":{"@id":"https:\/\/www.asitec-sl.com\/proyecto-colector-oeste-aguas-pluviales-pulianas-granada\/#breadcrumb"},"inLanguage":"en-GB","potentialAction":[{"@type":"ReadAction","target":["https:\/\/www.asitec-sl.com\/proyecto-colector-oeste-aguas-pluviales-pulianas-granada\/"]}]},{"@type":"ImageObject","inLanguage":"en-GB","@id":"https:\/\/www.asitec-sl.com\/proyecto-colector-oeste-aguas-pluviales-pulianas-granada\/#primaryimage","url":"https:\/\/www.asitec-sl.com\/wp-content\/uploads\/2018\/06\/004-2.jpg","contentUrl":"https:\/\/www.asitec-sl.com\/wp-content\/uploads\/2018\/06\/004-2.jpg","width":900,"height":700,"caption":"colector aguas pluviales pulianas"},{"@type":"BreadcrumbList","@id":"https:\/\/www.asitec-sl.com\/proyecto-colector-oeste-aguas-pluviales-pulianas-granada\/#breadcrumb","itemListElement":[{"@type":"ListItem","position":1,"name":"Inicio","item":"https:\/\/www.asitec-sl.com\/"},{"@type":"ListItem","position":2,"name":"Proyecto colector oeste y colector de aguas pluviales de Pulianas. Fase 1 (Granada)"}]},{"@type":"WebSite","@id":"https:\/\/www.asitec-sl.com\/#website","url":"https:\/\/www.asitec-sl.com\/","name":"Asitec","description":"Ingenier\u00eda, Urbanismos y Medio Ambiente S.L.P.","publisher":{"@id":"https:\/\/www.asitec-sl.com\/#organization"},"potentialAction":[{"@type":"SearchAction","target":{"@type":"EntryPoint","urlTemplate":"https:\/\/www.asitec-sl.com\/?s={search_term_string}"},"query-input":"required name=search_term_string"}],"inLanguage":"en-GB"},{"@type":"Organization","@id":"https:\/\/www.asitec-sl.com\/#organization","name":"ASITEC SLP","url":"https:\/\/www.asitec-sl.com\/","logo":{"@type":"ImageObject","inLanguage":"en-GB","@id":"https:\/\/www.asitec-sl.com\/#\/schema\/logo\/image\/","url":"https:\/\/www.asitec-sl.com\/wp-content\/uploads\/2018\/01\/logo-web-1.png","contentUrl":"https:\/\/www.asitec-sl.com\/wp-content\/uploads\/2018\/01\/logo-web-1.png","width":520,"height":184,"caption":"ASITEC SLP"},"image":{"@id":"https:\/\/www.asitec-sl.com\/#\/schema\/logo\/image\/"},"sameAs":["https:\/\/www.facebook.com\/AsitecSL-1487006038267232\/"]},{"@type":"Person","@id":"https:\/\/www.asitec-sl.com\/#\/schema\/person\/558d0e40562d1be7b8f9071aa6266749","name":"ASITEC","image":{"@type":"ImageObject","inLanguage":"en-GB","@id":"https:\/\/www.asitec-sl.com\/#\/schema\/person\/image\/","url":"https:\/\/secure.gravatar.com\/avatar\/26d04747ce301b54596a69de0312a2ba?s=96&d=mm&r=g","contentUrl":"https:\/\/secure.gravatar.com\/avatar\/26d04747ce301b54596a69de0312a2ba?s=96&d=mm&r=g","caption":"ASITEC"},"url":"https:\/\/www.asitec-sl.com\/en\/author\/desarrollador\/"}]}},"_links":{"self":[{"href":"https:\/\/www.asitec-sl.com\/en\/wp-json\/wp\/v2\/posts\/784"}],"collection":[{"href":"https:\/\/www.asitec-sl.com\/en\/wp-json\/wp\/v2\/posts"}],"about":[{"href":"https:\/\/www.asitec-sl.com\/en\/wp-json\/wp\/v2\/types\/post"}],"author":[{"embeddable":true,"href":"https:\/\/www.asitec-sl.com\/en\/wp-json\/wp\/v2\/users\/2"}],"replies":[{"embeddable":true,"href":"https:\/\/www.asitec-sl.com\/en\/wp-json\/wp\/v2\/comments?post=784"}],"version-history":[{"count":0,"href":"https:\/\/www.asitec-sl.com\/en\/wp-json\/wp\/v2\/posts\/784\/revisions"}],"wp:featuredmedia":[{"embeddable":true,"href":"https:\/\/www.asitec-sl.com\/en\/wp-json\/wp\/v2\/media\/825"}],"wp:attachment":[{"href":"https:\/\/www.asitec-sl.com\/en\/wp-json\/wp\/v2\/media?parent=784"}],"wp:term":[{"taxonomy":"category","embeddable":true,"href":"https:\/\/www.asitec-sl.com\/en\/wp-json\/wp\/v2\/categories?post=784"},{"taxonomy":"post_tag","embeddable":true,"href":"https:\/\/www.asitec-sl.com\/en\/wp-json\/wp\/v2\/tags?post=784"}],"curies":[{"name":"wp","href":"https:\/\/api.w.org\/{rel}","templated":true}]}}