{"id":1057,"date":"2018-06-17T00:31:58","date_gmt":"2018-06-16T23:31:58","guid":{"rendered":"http:\/\/wp-asi.carlosarc.com\/?p=1057"},"modified":"2018-06-26T18:48:38","modified_gmt":"2018-06-26T17:48:38","slug":"estudio-informativo-variante-valdepenas-jaen-a650-jaen","status":"publish","type":"post","link":"https:\/\/www.asitec-sl.com\/en\/estudio-informativo-variante-valdepenas-jaen-a650-jaen\/","title":{"rendered":"Estudio informativo de la \u00abVariante de Valdepe\u00f1as de Ja\u00e9n en la A-6050 (Ja\u00e9n)\u00bb"},"content":{"rendered":"<p>Estudio de alternativas para la definici\u00f3n del nuevo trazado de la carretera A-6050 que evite el actual trazado por el casco urbano de Valdepe\u00f1as de Ja\u00e9n.<\/p>\n<p><strong>Fecha<\/strong>: abril 2007<\/p>\n<p><img loading=\"lazy\" decoding=\"async\" class=\"aligncenter size-full wp-image-1043\" src=\"http:\/\/wp-asi.carlosarc.com\/wp-content\/uploads\/2018\/06\/047.jpg\" alt=\"a333 ca\u00f1uelo angosturas cordoba\" width=\"900\" height=\"675\" srcset=\"https:\/\/www.asitec-sl.com\/wp-content\/uploads\/2018\/06\/047.jpg 900w, https:\/\/www.asitec-sl.com\/wp-content\/uploads\/2018\/06\/047-300x225.jpg 300w, https:\/\/www.asitec-sl.com\/wp-content\/uploads\/2018\/06\/047-768x576.jpg 768w\" sizes=\"(max-width: 900px) 100vw, 900px\" \/><\/p>","protected":false},"excerpt":{"rendered":"<p>Estudio de alternativas para la definici\u00f3n del nuevo trazado de la carretera A-6050 que evite el actual trazado por el casco urbano de Valdepe\u00f1as de Ja\u00e9n. Fecha: abril 2007<\/p>","protected":false},"author":2,"featured_media":1043,"comment_status":"closed","ping_status":"closed","sticky":false,"template":"","format":"standard","meta":{"footnotes":""},"categories":[24],"tags":[],"class_list":["post-1057","post","type-post","status-publish","format-standard","has-post-thumbnail","hentry","category-proyectos-carreteras"],"yoast_head":"<!-- This site is optimized with the Yoast SEO plugin v23.3 - https:\/\/yoast.com\/wordpress\/plugins\/seo\/ -->\n<title>Estudio informativo de la &quot;Variante de Valdepe\u00f1as de Ja\u00e9n en la A-6050 (Ja\u00e9n)&quot; - Asitec<\/title>\n<meta name=\"robots\" content=\"index, follow, max-snippet:-1, max-image-preview:large, max-video-preview:-1\" \/>\n<link rel=\"canonical\" href=\"https:\/\/www.asitec-sl.com\/en\/estudio-informativo-variante-valdepenas-jaen-a650-jaen\/\" \/>\n<meta property=\"og:locale\" content=\"en_GB\" \/>\n<meta property=\"og:type\" content=\"article\" \/>\n<meta property=\"og:title\" content=\"Estudio informativo de la &quot;Variante de Valdepe\u00f1as de Ja\u00e9n en la A-6050 (Ja\u00e9n)&quot; - Asitec\" \/>\n<meta property=\"og:description\" content=\"Estudio de alternativas para la definici\u00f3n del nuevo trazado de la carretera A-6050 que evite el actual trazado por el casco urbano de Valdepe\u00f1as de Ja\u00e9n. Fecha: abril 2007\" \/>\n<meta property=\"og:url\" content=\"https:\/\/www.asitec-sl.com\/en\/estudio-informativo-variante-valdepenas-jaen-a650-jaen\/\" \/>\n<meta property=\"og:site_name\" content=\"Asitec\" \/>\n<meta property=\"article:publisher\" content=\"https:\/\/www.facebook.com\/AsitecSL-1487006038267232\/\" \/>\n<meta property=\"article:published_time\" content=\"2018-06-16T23:31:58+00:00\" \/>\n<meta property=\"article:modified_time\" content=\"2018-06-26T17:48:38+00:00\" \/>\n<meta property=\"og:image\" content=\"https:\/\/www.asitec-sl.com\/wp-content\/uploads\/2018\/06\/047.jpg\" \/>\n\t<meta property=\"og:image:width\" content=\"900\" \/>\n\t<meta property=\"og:image:height\" content=\"675\" \/>\n\t<meta property=\"og:image:type\" content=\"image\/jpeg\" \/>\n<meta name=\"author\" content=\"ASITEC\" \/>\n<meta name=\"twitter:card\" content=\"summary_large_image\" \/>\n<meta name=\"twitter:label1\" content=\"Written by\" \/>\n\t<meta name=\"twitter:data1\" content=\"ASITEC\" \/>\n<script type=\"application\/ld+json\" class=\"yoast-schema-graph\">{\"@context\":\"https:\/\/schema.org\",\"@graph\":[{\"@type\":\"Article\",\"@id\":\"https:\/\/www.asitec-sl.com\/estudio-informativo-variante-valdepenas-jaen-a650-jaen\/#article\",\"isPartOf\":{\"@id\":\"https:\/\/www.asitec-sl.com\/estudio-informativo-variante-valdepenas-jaen-a650-jaen\/\"},\"author\":{\"name\":\"ASITEC\",\"@id\":\"https:\/\/www.asitec-sl.com\/#\/schema\/person\/558d0e40562d1be7b8f9071aa6266749\"},\"headline\":\"Estudio informativo de la \u00abVariante de Valdepe\u00f1as de Ja\u00e9n en la A-6050 (Ja\u00e9n)\u00bb\",\"datePublished\":\"2018-06-16T23:31:58+00:00\",\"dateModified\":\"2018-06-26T17:48:38+00:00\",\"mainEntityOfPage\":{\"@id\":\"https:\/\/www.asitec-sl.com\/estudio-informativo-variante-valdepenas-jaen-a650-jaen\/\"},\"wordCount\":47,\"publisher\":{\"@id\":\"https:\/\/www.asitec-sl.com\/#organization\"},\"image\":{\"@id\":\"https:\/\/www.asitec-sl.com\/estudio-informativo-variante-valdepenas-jaen-a650-jaen\/#primaryimage\"},\"thumbnailUrl\":\"https:\/\/www.asitec-sl.com\/wp-content\/uploads\/2018\/06\/047.jpg\",\"articleSection\":[\"Carreteras - Proyectos\"],\"inLanguage\":\"en-GB\"},{\"@type\":\"WebPage\",\"@id\":\"https:\/\/www.asitec-sl.com\/estudio-informativo-variante-valdepenas-jaen-a650-jaen\/\",\"url\":\"https:\/\/www.asitec-sl.com\/estudio-informativo-variante-valdepenas-jaen-a650-jaen\/\",\"name\":\"Estudio informativo de la \\\"Variante de Valdepe\u00f1as de Ja\u00e9n en la A-6050 (Ja\u00e9n)\\\" - Asitec\",\"isPartOf\":{\"@id\":\"https:\/\/www.asitec-sl.com\/#website\"},\"primaryImageOfPage\":{\"@id\":\"https:\/\/www.asitec-sl.com\/estudio-informativo-variante-valdepenas-jaen-a650-jaen\/#primaryimage\"},\"image\":{\"@id\":\"https:\/\/www.asitec-sl.com\/estudio-informativo-variante-valdepenas-jaen-a650-jaen\/#primaryimage\"},\"thumbnailUrl\":\"https:\/\/www.asitec-sl.com\/wp-content\/uploads\/2018\/06\/047.jpg\",\"datePublished\":\"2018-06-16T23:31:58+00:00\",\"dateModified\":\"2018-06-26T17:48:38+00:00\",\"breadcrumb\":{\"@id\":\"https:\/\/www.asitec-sl.com\/estudio-informativo-variante-valdepenas-jaen-a650-jaen\/#breadcrumb\"},\"inLanguage\":\"en-GB\",\"potentialAction\":[{\"@type\":\"ReadAction\",\"target\":[\"https:\/\/www.asitec-sl.com\/estudio-informativo-variante-valdepenas-jaen-a650-jaen\/\"]}]},{\"@type\":\"ImageObject\",\"inLanguage\":\"en-GB\",\"@id\":\"https:\/\/www.asitec-sl.com\/estudio-informativo-variante-valdepenas-jaen-a650-jaen\/#primaryimage\",\"url\":\"https:\/\/www.asitec-sl.com\/wp-content\/uploads\/2018\/06\/047.jpg\",\"contentUrl\":\"https:\/\/www.asitec-sl.com\/wp-content\/uploads\/2018\/06\/047.jpg\",\"width\":900,\"height\":675,\"caption\":\"a333 ca\u00f1uelo angosturas cordoba\"},{\"@type\":\"BreadcrumbList\",\"@id\":\"https:\/\/www.asitec-sl.com\/estudio-informativo-variante-valdepenas-jaen-a650-jaen\/#breadcrumb\",\"itemListElement\":[{\"@type\":\"ListItem\",\"position\":1,\"name\":\"Inicio\",\"item\":\"https:\/\/www.asitec-sl.com\/\"},{\"@type\":\"ListItem\",\"position\":2,\"name\":\"Estudio informativo de la \u00abVariante de Valdepe\u00f1as de Ja\u00e9n en la A-6050 (Ja\u00e9n)\u00bb\"}]},{\"@type\":\"WebSite\",\"@id\":\"https:\/\/www.asitec-sl.com\/#website\",\"url\":\"https:\/\/www.asitec-sl.com\/\",\"name\":\"Asitec\",\"description\":\"Ingenier\u00eda, Urbanismos y Medio Ambiente S.L.P.\",\"publisher\":{\"@id\":\"https:\/\/www.asitec-sl.com\/#organization\"},\"potentialAction\":[{\"@type\":\"SearchAction\",\"target\":{\"@type\":\"EntryPoint\",\"urlTemplate\":\"https:\/\/www.asitec-sl.com\/?s={search_term_string}\"},\"query-input\":\"required name=search_term_string\"}],\"inLanguage\":\"en-GB\"},{\"@type\":\"Organization\",\"@id\":\"https:\/\/www.asitec-sl.com\/#organization\",\"name\":\"ASITEC SLP\",\"url\":\"https:\/\/www.asitec-sl.com\/\",\"logo\":{\"@type\":\"ImageObject\",\"inLanguage\":\"en-GB\",\"@id\":\"https:\/\/www.asitec-sl.com\/#\/schema\/logo\/image\/\",\"url\":\"https:\/\/www.asitec-sl.com\/wp-content\/uploads\/2018\/01\/logo-web-1.png\",\"contentUrl\":\"https:\/\/www.asitec-sl.com\/wp-content\/uploads\/2018\/01\/logo-web-1.png\",\"width\":520,\"height\":184,\"caption\":\"ASITEC SLP\"},\"image\":{\"@id\":\"https:\/\/www.asitec-sl.com\/#\/schema\/logo\/image\/\"},\"sameAs\":[\"https:\/\/www.facebook.com\/AsitecSL-1487006038267232\/\"]},{\"@type\":\"Person\",\"@id\":\"https:\/\/www.asitec-sl.com\/#\/schema\/person\/558d0e40562d1be7b8f9071aa6266749\",\"name\":\"ASITEC\",\"image\":{\"@type\":\"ImageObject\",\"inLanguage\":\"en-GB\",\"@id\":\"https:\/\/www.asitec-sl.com\/#\/schema\/person\/image\/\",\"url\":\"https:\/\/secure.gravatar.com\/avatar\/26d04747ce301b54596a69de0312a2ba?s=96&d=mm&r=g\",\"contentUrl\":\"https:\/\/secure.gravatar.com\/avatar\/26d04747ce301b54596a69de0312a2ba?s=96&d=mm&r=g\",\"caption\":\"ASITEC\"},\"url\":\"https:\/\/www.asitec-sl.com\/en\/author\/desarrollador\/\"}]}<\/script>\n<!-- \/ Yoast SEO plugin. -->","yoast_head_json":{"title":"Estudio informativo de la \"Variante de Valdepe\u00f1as de Ja\u00e9n en la A-6050 (Ja\u00e9n)\" - Asitec","robots":{"index":"index","follow":"follow","max-snippet":"max-snippet:-1","max-image-preview":"max-image-preview:large","max-video-preview":"max-video-preview:-1"},"canonical":"https:\/\/www.asitec-sl.com\/en\/estudio-informativo-variante-valdepenas-jaen-a650-jaen\/","og_locale":"en_GB","og_type":"article","og_title":"Estudio informativo de la \"Variante de Valdepe\u00f1as de Ja\u00e9n en la A-6050 (Ja\u00e9n)\" - Asitec","og_description":"Estudio de alternativas para la definici\u00f3n del nuevo trazado de la carretera A-6050 que evite el actual trazado por el casco urbano de Valdepe\u00f1as de Ja\u00e9n. Fecha: abril 2007","og_url":"https:\/\/www.asitec-sl.com\/en\/estudio-informativo-variante-valdepenas-jaen-a650-jaen\/","og_site_name":"Asitec","article_publisher":"https:\/\/www.facebook.com\/AsitecSL-1487006038267232\/","article_published_time":"2018-06-16T23:31:58+00:00","article_modified_time":"2018-06-26T17:48:38+00:00","og_image":[{"width":900,"height":675,"url":"https:\/\/www.asitec-sl.com\/wp-content\/uploads\/2018\/06\/047.jpg","type":"image\/jpeg"}],"author":"ASITEC","twitter_card":"summary_large_image","twitter_misc":{"Written by":"ASITEC"},"schema":{"@context":"https:\/\/schema.org","@graph":[{"@type":"Article","@id":"https:\/\/www.asitec-sl.com\/estudio-informativo-variante-valdepenas-jaen-a650-jaen\/#article","isPartOf":{"@id":"https:\/\/www.asitec-sl.com\/estudio-informativo-variante-valdepenas-jaen-a650-jaen\/"},"author":{"name":"ASITEC","@id":"https:\/\/www.asitec-sl.com\/#\/schema\/person\/558d0e40562d1be7b8f9071aa6266749"},"headline":"Estudio informativo de la \u00abVariante de Valdepe\u00f1as de Ja\u00e9n en la A-6050 (Ja\u00e9n)\u00bb","datePublished":"2018-06-16T23:31:58+00:00","dateModified":"2018-06-26T17:48:38+00:00","mainEntityOfPage":{"@id":"https:\/\/www.asitec-sl.com\/estudio-informativo-variante-valdepenas-jaen-a650-jaen\/"},"wordCount":47,"publisher":{"@id":"https:\/\/www.asitec-sl.com\/#organization"},"image":{"@id":"https:\/\/www.asitec-sl.com\/estudio-informativo-variante-valdepenas-jaen-a650-jaen\/#primaryimage"},"thumbnailUrl":"https:\/\/www.asitec-sl.com\/wp-content\/uploads\/2018\/06\/047.jpg","articleSection":["Carreteras - Proyectos"],"inLanguage":"en-GB"},{"@type":"WebPage","@id":"https:\/\/www.asitec-sl.com\/estudio-informativo-variante-valdepenas-jaen-a650-jaen\/","url":"https:\/\/www.asitec-sl.com\/estudio-informativo-variante-valdepenas-jaen-a650-jaen\/","name":"Estudio informativo de la \"Variante de Valdepe\u00f1as de Ja\u00e9n en la A-6050 (Ja\u00e9n)\" - Asitec","isPartOf":{"@id":"https:\/\/www.asitec-sl.com\/#website"},"primaryImageOfPage":{"@id":"https:\/\/www.asitec-sl.com\/estudio-informativo-variante-valdepenas-jaen-a650-jaen\/#primaryimage"},"image":{"@id":"https:\/\/www.asitec-sl.com\/estudio-informativo-variante-valdepenas-jaen-a650-jaen\/#primaryimage"},"thumbnailUrl":"https:\/\/www.asitec-sl.com\/wp-content\/uploads\/2018\/06\/047.jpg","datePublished":"2018-06-16T23:31:58+00:00","dateModified":"2018-06-26T17:48:38+00:00","breadcrumb":{"@id":"https:\/\/www.asitec-sl.com\/estudio-informativo-variante-valdepenas-jaen-a650-jaen\/#breadcrumb"},"inLanguage":"en-GB","potentialAction":[{"@type":"ReadAction","target":["https:\/\/www.asitec-sl.com\/estudio-informativo-variante-valdepenas-jaen-a650-jaen\/"]}]},{"@type":"ImageObject","inLanguage":"en-GB","@id":"https:\/\/www.asitec-sl.com\/estudio-informativo-variante-valdepenas-jaen-a650-jaen\/#primaryimage","url":"https:\/\/www.asitec-sl.com\/wp-content\/uploads\/2018\/06\/047.jpg","contentUrl":"https:\/\/www.asitec-sl.com\/wp-content\/uploads\/2018\/06\/047.jpg","width":900,"height":675,"caption":"a333 ca\u00f1uelo angosturas cordoba"},{"@type":"BreadcrumbList","@id":"https:\/\/www.asitec-sl.com\/estudio-informativo-variante-valdepenas-jaen-a650-jaen\/#breadcrumb","itemListElement":[{"@type":"ListItem","position":1,"name":"Inicio","item":"https:\/\/www.asitec-sl.com\/"},{"@type":"ListItem","position":2,"name":"Estudio informativo de la \u00abVariante de Valdepe\u00f1as de Ja\u00e9n en la A-6050 (Ja\u00e9n)\u00bb"}]},{"@type":"WebSite","@id":"https:\/\/www.asitec-sl.com\/#website","url":"https:\/\/www.asitec-sl.com\/","name":"Asitec","description":"Ingenier\u00eda, Urbanismos y Medio Ambiente S.L.P.","publisher":{"@id":"https:\/\/www.asitec-sl.com\/#organization"},"potentialAction":[{"@type":"SearchAction","target":{"@type":"EntryPoint","urlTemplate":"https:\/\/www.asitec-sl.com\/?s={search_term_string}"},"query-input":"required name=search_term_string"}],"inLanguage":"en-GB"},{"@type":"Organization","@id":"https:\/\/www.asitec-sl.com\/#organization","name":"ASITEC SLP","url":"https:\/\/www.asitec-sl.com\/","logo":{"@type":"ImageObject","inLanguage":"en-GB","@id":"https:\/\/www.asitec-sl.com\/#\/schema\/logo\/image\/","url":"https:\/\/www.asitec-sl.com\/wp-content\/uploads\/2018\/01\/logo-web-1.png","contentUrl":"https:\/\/www.asitec-sl.com\/wp-content\/uploads\/2018\/01\/logo-web-1.png","width":520,"height":184,"caption":"ASITEC SLP"},"image":{"@id":"https:\/\/www.asitec-sl.com\/#\/schema\/logo\/image\/"},"sameAs":["https:\/\/www.facebook.com\/AsitecSL-1487006038267232\/"]},{"@type":"Person","@id":"https:\/\/www.asitec-sl.com\/#\/schema\/person\/558d0e40562d1be7b8f9071aa6266749","name":"ASITEC","image":{"@type":"ImageObject","inLanguage":"en-GB","@id":"https:\/\/www.asitec-sl.com\/#\/schema\/person\/image\/","url":"https:\/\/secure.gravatar.com\/avatar\/26d04747ce301b54596a69de0312a2ba?s=96&d=mm&r=g","contentUrl":"https:\/\/secure.gravatar.com\/avatar\/26d04747ce301b54596a69de0312a2ba?s=96&d=mm&r=g","caption":"ASITEC"},"url":"https:\/\/www.asitec-sl.com\/en\/author\/desarrollador\/"}]}},"_links":{"self":[{"href":"https:\/\/www.asitec-sl.com\/en\/wp-json\/wp\/v2\/posts\/1057"}],"collection":[{"href":"https:\/\/www.asitec-sl.com\/en\/wp-json\/wp\/v2\/posts"}],"about":[{"href":"https:\/\/www.asitec-sl.com\/en\/wp-json\/wp\/v2\/types\/post"}],"author":[{"embeddable":true,"href":"https:\/\/www.asitec-sl.com\/en\/wp-json\/wp\/v2\/users\/2"}],"replies":[{"embeddable":true,"href":"https:\/\/www.asitec-sl.com\/en\/wp-json\/wp\/v2\/comments?post=1057"}],"version-history":[{"count":1,"href":"https:\/\/www.asitec-sl.com\/en\/wp-json\/wp\/v2\/posts\/1057\/revisions"}],"predecessor-version":[{"id":1106,"href":"https:\/\/www.asitec-sl.com\/en\/wp-json\/wp\/v2\/posts\/1057\/revisions\/1106"}],"wp:featuredmedia":[{"embeddable":true,"href":"https:\/\/www.asitec-sl.com\/en\/wp-json\/wp\/v2\/media\/1043"}],"wp:attachment":[{"href":"https:\/\/www.asitec-sl.com\/en\/wp-json\/wp\/v2\/media?parent=1057"}],"wp:term":[{"taxonomy":"category","embeddable":true,"href":"https:\/\/www.asitec-sl.com\/en\/wp-json\/wp\/v2\/categories?post=1057"},{"taxonomy":"post_tag","embeddable":true,"href":"https:\/\/www.asitec-sl.com\/en\/wp-json\/wp\/v2\/tags?post=1057"}],"curies":[{"name":"wp","href":"https:\/\/api.w.org\/{rel}","templated":true}]}}