{"id":1055,"date":"2018-06-17T00:30:06","date_gmt":"2018-06-16T23:30:06","guid":{"rendered":"http:\/\/wp-asi.carlosarc.com\/?p=1055"},"modified":"2018-06-26T18:48:38","modified_gmt":"2018-06-26T17:48:38","slug":"proyecto-rehabilitacion-superficial-firme-carreteras-provincia-granada","status":"publish","type":"post","link":"https:\/\/www.asitec-sl.com\/en\/proyecto-rehabilitacion-superficial-firme-carreteras-provincia-granada\/","title":{"rendered":"Proyecto de rehabilitaci\u00f3n superficial del firme en carreteras de la provincia de Granada"},"content":{"rendered":"<p>Se proyecta los trabajos de fresado y reposici\u00f3n del firme en zonas localizadas, el recrecido mediante extendido de mezcla bituminosa en caliente de tramos homog\u00e9neos y la reposici\u00f3n de las marcas viales y barreras de seguridad de la red de carreteras del Estado en la provincia de Granada.<\/p>\n<p><strong>Fecha<\/strong>: noviembre 2009<\/p>\n<p><img loading=\"lazy\" decoding=\"async\" class=\"aligncenter size-full wp-image-1042\" src=\"http:\/\/wp-asi.carlosarc.com\/wp-content\/uploads\/2018\/06\/046.jpg\" alt=\"variante valdepe\u00f1as ja\u00e9n a6050 ja\u00e9n\" width=\"675\" height=\"900\" srcset=\"https:\/\/www.asitec-sl.com\/wp-content\/uploads\/2018\/06\/046.jpg 675w, https:\/\/www.asitec-sl.com\/wp-content\/uploads\/2018\/06\/046-225x300.jpg 225w\" sizes=\"(max-width: 675px) 100vw, 675px\" \/><\/p>","protected":false},"excerpt":{"rendered":"<p>Se proyecta los trabajos de fresado y reposici\u00f3n del firme en zonas localizadas, el recrecido mediante extendido de mezcla bituminosa en caliente de tramos homog\u00e9neos y la reposici\u00f3n de las marcas viales y barreras de seguridad de la red de<\/p>","protected":false},"author":2,"featured_media":1042,"comment_status":"closed","ping_status":"closed","sticky":false,"template":"","format":"standard","meta":{"footnotes":""},"categories":[24],"tags":[],"class_list":["post-1055","post","type-post","status-publish","format-standard","has-post-thumbnail","hentry","category-proyectos-carreteras"],"yoast_head":"<!-- This site is optimized with the Yoast SEO plugin v23.3 - https:\/\/yoast.com\/wordpress\/plugins\/seo\/ -->\n<title>Proyecto de rehabilitaci\u00f3n superficial del firme en carreteras de la provincia de Granada - Asitec<\/title>\n<meta name=\"robots\" content=\"index, follow, max-snippet:-1, max-image-preview:large, max-video-preview:-1\" \/>\n<link rel=\"canonical\" href=\"https:\/\/www.asitec-sl.com\/en\/proyecto-rehabilitacion-superficial-firme-carreteras-provincia-granada\/\" \/>\n<meta property=\"og:locale\" content=\"en_GB\" \/>\n<meta property=\"og:type\" content=\"article\" \/>\n<meta property=\"og:title\" content=\"Proyecto de rehabilitaci\u00f3n superficial del firme en carreteras de la provincia de Granada - Asitec\" \/>\n<meta property=\"og:description\" content=\"Se proyecta los trabajos de fresado y reposici\u00f3n del firme en zonas localizadas, el recrecido mediante extendido de mezcla bituminosa en caliente de tramos homog\u00e9neos y la reposici\u00f3n de las marcas viales y barreras de seguridad de la red de\" \/>\n<meta property=\"og:url\" content=\"https:\/\/www.asitec-sl.com\/en\/proyecto-rehabilitacion-superficial-firme-carreteras-provincia-granada\/\" \/>\n<meta property=\"og:site_name\" content=\"Asitec\" \/>\n<meta property=\"article:publisher\" content=\"https:\/\/www.facebook.com\/AsitecSL-1487006038267232\/\" \/>\n<meta property=\"article:published_time\" content=\"2018-06-16T23:30:06+00:00\" \/>\n<meta property=\"article:modified_time\" content=\"2018-06-26T17:48:38+00:00\" \/>\n<meta property=\"og:image\" content=\"https:\/\/www.asitec-sl.com\/wp-content\/uploads\/2018\/06\/046.jpg\" \/>\n\t<meta property=\"og:image:width\" content=\"675\" \/>\n\t<meta property=\"og:image:height\" content=\"900\" \/>\n\t<meta property=\"og:image:type\" content=\"image\/jpeg\" \/>\n<meta name=\"author\" content=\"ASITEC\" \/>\n<meta name=\"twitter:card\" content=\"summary_large_image\" \/>\n<meta name=\"twitter:label1\" content=\"Written by\" \/>\n\t<meta name=\"twitter:data1\" content=\"ASITEC\" \/>\n<script type=\"application\/ld+json\" class=\"yoast-schema-graph\">{\"@context\":\"https:\/\/schema.org\",\"@graph\":[{\"@type\":\"Article\",\"@id\":\"https:\/\/www.asitec-sl.com\/en\/proyecto-rehabilitacion-superficial-firme-carreteras-provincia-granada\/#article\",\"isPartOf\":{\"@id\":\"https:\/\/www.asitec-sl.com\/en\/proyecto-rehabilitacion-superficial-firme-carreteras-provincia-granada\/\"},\"author\":{\"name\":\"ASITEC\",\"@id\":\"https:\/\/www.asitec-sl.com\/#\/schema\/person\/558d0e40562d1be7b8f9071aa6266749\"},\"headline\":\"Proyecto de rehabilitaci\u00f3n superficial del firme en carreteras de la provincia de Granada\",\"datePublished\":\"2018-06-16T23:30:06+00:00\",\"dateModified\":\"2018-06-26T17:48:38+00:00\",\"mainEntityOfPage\":{\"@id\":\"https:\/\/www.asitec-sl.com\/en\/proyecto-rehabilitacion-superficial-firme-carreteras-provincia-granada\/\"},\"wordCount\":67,\"publisher\":{\"@id\":\"https:\/\/www.asitec-sl.com\/#organization\"},\"image\":{\"@id\":\"https:\/\/www.asitec-sl.com\/en\/proyecto-rehabilitacion-superficial-firme-carreteras-provincia-granada\/#primaryimage\"},\"thumbnailUrl\":\"https:\/\/www.asitec-sl.com\/wp-content\/uploads\/2018\/06\/046.jpg\",\"articleSection\":[\"Carreteras - Proyectos\"],\"inLanguage\":\"en-GB\"},{\"@type\":\"WebPage\",\"@id\":\"https:\/\/www.asitec-sl.com\/en\/proyecto-rehabilitacion-superficial-firme-carreteras-provincia-granada\/\",\"url\":\"https:\/\/www.asitec-sl.com\/en\/proyecto-rehabilitacion-superficial-firme-carreteras-provincia-granada\/\",\"name\":\"Proyecto de rehabilitaci\u00f3n superficial del firme en carreteras de la provincia de Granada - Asitec\",\"isPartOf\":{\"@id\":\"https:\/\/www.asitec-sl.com\/#website\"},\"primaryImageOfPage\":{\"@id\":\"https:\/\/www.asitec-sl.com\/en\/proyecto-rehabilitacion-superficial-firme-carreteras-provincia-granada\/#primaryimage\"},\"image\":{\"@id\":\"https:\/\/www.asitec-sl.com\/en\/proyecto-rehabilitacion-superficial-firme-carreteras-provincia-granada\/#primaryimage\"},\"thumbnailUrl\":\"https:\/\/www.asitec-sl.com\/wp-content\/uploads\/2018\/06\/046.jpg\",\"datePublished\":\"2018-06-16T23:30:06+00:00\",\"dateModified\":\"2018-06-26T17:48:38+00:00\",\"breadcrumb\":{\"@id\":\"https:\/\/www.asitec-sl.com\/en\/proyecto-rehabilitacion-superficial-firme-carreteras-provincia-granada\/#breadcrumb\"},\"inLanguage\":\"en-GB\",\"potentialAction\":[{\"@type\":\"ReadAction\",\"target\":[\"https:\/\/www.asitec-sl.com\/en\/proyecto-rehabilitacion-superficial-firme-carreteras-provincia-granada\/\"]}]},{\"@type\":\"ImageObject\",\"inLanguage\":\"en-GB\",\"@id\":\"https:\/\/www.asitec-sl.com\/en\/proyecto-rehabilitacion-superficial-firme-carreteras-provincia-granada\/#primaryimage\",\"url\":\"https:\/\/www.asitec-sl.com\/wp-content\/uploads\/2018\/06\/046.jpg\",\"contentUrl\":\"https:\/\/www.asitec-sl.com\/wp-content\/uploads\/2018\/06\/046.jpg\",\"width\":675,\"height\":900,\"caption\":\"variante valdepe\u00f1as ja\u00e9n a6050 ja\u00e9n\"},{\"@type\":\"BreadcrumbList\",\"@id\":\"https:\/\/www.asitec-sl.com\/en\/proyecto-rehabilitacion-superficial-firme-carreteras-provincia-granada\/#breadcrumb\",\"itemListElement\":[{\"@type\":\"ListItem\",\"position\":1,\"name\":\"Inicio\",\"item\":\"https:\/\/www.asitec-sl.com\/\"},{\"@type\":\"ListItem\",\"position\":2,\"name\":\"Proyecto de rehabilitaci\u00f3n superficial del firme en carreteras de la provincia de Granada\"}]},{\"@type\":\"WebSite\",\"@id\":\"https:\/\/www.asitec-sl.com\/#website\",\"url\":\"https:\/\/www.asitec-sl.com\/\",\"name\":\"Asitec\",\"description\":\"Ingenier\u00eda, Urbanismos y Medio Ambiente S.L.P.\",\"publisher\":{\"@id\":\"https:\/\/www.asitec-sl.com\/#organization\"},\"potentialAction\":[{\"@type\":\"SearchAction\",\"target\":{\"@type\":\"EntryPoint\",\"urlTemplate\":\"https:\/\/www.asitec-sl.com\/?s={search_term_string}\"},\"query-input\":\"required name=search_term_string\"}],\"inLanguage\":\"en-GB\"},{\"@type\":\"Organization\",\"@id\":\"https:\/\/www.asitec-sl.com\/#organization\",\"name\":\"ASITEC SLP\",\"url\":\"https:\/\/www.asitec-sl.com\/\",\"logo\":{\"@type\":\"ImageObject\",\"inLanguage\":\"en-GB\",\"@id\":\"https:\/\/www.asitec-sl.com\/#\/schema\/logo\/image\/\",\"url\":\"https:\/\/www.asitec-sl.com\/wp-content\/uploads\/2018\/01\/logo-web-1.png\",\"contentUrl\":\"https:\/\/www.asitec-sl.com\/wp-content\/uploads\/2018\/01\/logo-web-1.png\",\"width\":520,\"height\":184,\"caption\":\"ASITEC SLP\"},\"image\":{\"@id\":\"https:\/\/www.asitec-sl.com\/#\/schema\/logo\/image\/\"},\"sameAs\":[\"https:\/\/www.facebook.com\/AsitecSL-1487006038267232\/\"]},{\"@type\":\"Person\",\"@id\":\"https:\/\/www.asitec-sl.com\/#\/schema\/person\/558d0e40562d1be7b8f9071aa6266749\",\"name\":\"ASITEC\",\"image\":{\"@type\":\"ImageObject\",\"inLanguage\":\"en-GB\",\"@id\":\"https:\/\/www.asitec-sl.com\/#\/schema\/person\/image\/\",\"url\":\"https:\/\/secure.gravatar.com\/avatar\/26d04747ce301b54596a69de0312a2ba?s=96&d=mm&r=g\",\"contentUrl\":\"https:\/\/secure.gravatar.com\/avatar\/26d04747ce301b54596a69de0312a2ba?s=96&d=mm&r=g\",\"caption\":\"ASITEC\"},\"url\":\"https:\/\/www.asitec-sl.com\/en\/author\/desarrollador\/\"}]}<\/script>\n<!-- \/ Yoast SEO plugin. -->","yoast_head_json":{"title":"Proyecto de rehabilitaci\u00f3n superficial del firme en carreteras de la provincia de Granada - Asitec","robots":{"index":"index","follow":"follow","max-snippet":"max-snippet:-1","max-image-preview":"max-image-preview:large","max-video-preview":"max-video-preview:-1"},"canonical":"https:\/\/www.asitec-sl.com\/en\/proyecto-rehabilitacion-superficial-firme-carreteras-provincia-granada\/","og_locale":"en_GB","og_type":"article","og_title":"Proyecto de rehabilitaci\u00f3n superficial del firme en carreteras de la provincia de Granada - Asitec","og_description":"Se proyecta los trabajos de fresado y reposici\u00f3n del firme en zonas localizadas, el recrecido mediante extendido de mezcla bituminosa en caliente de tramos homog\u00e9neos y la reposici\u00f3n de las marcas viales y barreras de seguridad de la red de","og_url":"https:\/\/www.asitec-sl.com\/en\/proyecto-rehabilitacion-superficial-firme-carreteras-provincia-granada\/","og_site_name":"Asitec","article_publisher":"https:\/\/www.facebook.com\/AsitecSL-1487006038267232\/","article_published_time":"2018-06-16T23:30:06+00:00","article_modified_time":"2018-06-26T17:48:38+00:00","og_image":[{"width":675,"height":900,"url":"https:\/\/www.asitec-sl.com\/wp-content\/uploads\/2018\/06\/046.jpg","type":"image\/jpeg"}],"author":"ASITEC","twitter_card":"summary_large_image","twitter_misc":{"Written by":"ASITEC"},"schema":{"@context":"https:\/\/schema.org","@graph":[{"@type":"Article","@id":"https:\/\/www.asitec-sl.com\/en\/proyecto-rehabilitacion-superficial-firme-carreteras-provincia-granada\/#article","isPartOf":{"@id":"https:\/\/www.asitec-sl.com\/en\/proyecto-rehabilitacion-superficial-firme-carreteras-provincia-granada\/"},"author":{"name":"ASITEC","@id":"https:\/\/www.asitec-sl.com\/#\/schema\/person\/558d0e40562d1be7b8f9071aa6266749"},"headline":"Proyecto de rehabilitaci\u00f3n superficial del firme en carreteras de la provincia de Granada","datePublished":"2018-06-16T23:30:06+00:00","dateModified":"2018-06-26T17:48:38+00:00","mainEntityOfPage":{"@id":"https:\/\/www.asitec-sl.com\/en\/proyecto-rehabilitacion-superficial-firme-carreteras-provincia-granada\/"},"wordCount":67,"publisher":{"@id":"https:\/\/www.asitec-sl.com\/#organization"},"image":{"@id":"https:\/\/www.asitec-sl.com\/en\/proyecto-rehabilitacion-superficial-firme-carreteras-provincia-granada\/#primaryimage"},"thumbnailUrl":"https:\/\/www.asitec-sl.com\/wp-content\/uploads\/2018\/06\/046.jpg","articleSection":["Carreteras - Proyectos"],"inLanguage":"en-GB"},{"@type":"WebPage","@id":"https:\/\/www.asitec-sl.com\/en\/proyecto-rehabilitacion-superficial-firme-carreteras-provincia-granada\/","url":"https:\/\/www.asitec-sl.com\/en\/proyecto-rehabilitacion-superficial-firme-carreteras-provincia-granada\/","name":"Proyecto de rehabilitaci\u00f3n superficial del firme en carreteras de la provincia de Granada - Asitec","isPartOf":{"@id":"https:\/\/www.asitec-sl.com\/#website"},"primaryImageOfPage":{"@id":"https:\/\/www.asitec-sl.com\/en\/proyecto-rehabilitacion-superficial-firme-carreteras-provincia-granada\/#primaryimage"},"image":{"@id":"https:\/\/www.asitec-sl.com\/en\/proyecto-rehabilitacion-superficial-firme-carreteras-provincia-granada\/#primaryimage"},"thumbnailUrl":"https:\/\/www.asitec-sl.com\/wp-content\/uploads\/2018\/06\/046.jpg","datePublished":"2018-06-16T23:30:06+00:00","dateModified":"2018-06-26T17:48:38+00:00","breadcrumb":{"@id":"https:\/\/www.asitec-sl.com\/en\/proyecto-rehabilitacion-superficial-firme-carreteras-provincia-granada\/#breadcrumb"},"inLanguage":"en-GB","potentialAction":[{"@type":"ReadAction","target":["https:\/\/www.asitec-sl.com\/en\/proyecto-rehabilitacion-superficial-firme-carreteras-provincia-granada\/"]}]},{"@type":"ImageObject","inLanguage":"en-GB","@id":"https:\/\/www.asitec-sl.com\/en\/proyecto-rehabilitacion-superficial-firme-carreteras-provincia-granada\/#primaryimage","url":"https:\/\/www.asitec-sl.com\/wp-content\/uploads\/2018\/06\/046.jpg","contentUrl":"https:\/\/www.asitec-sl.com\/wp-content\/uploads\/2018\/06\/046.jpg","width":675,"height":900,"caption":"variante valdepe\u00f1as ja\u00e9n a6050 ja\u00e9n"},{"@type":"BreadcrumbList","@id":"https:\/\/www.asitec-sl.com\/en\/proyecto-rehabilitacion-superficial-firme-carreteras-provincia-granada\/#breadcrumb","itemListElement":[{"@type":"ListItem","position":1,"name":"Inicio","item":"https:\/\/www.asitec-sl.com\/"},{"@type":"ListItem","position":2,"name":"Proyecto de rehabilitaci\u00f3n superficial del firme en carreteras de la provincia de Granada"}]},{"@type":"WebSite","@id":"https:\/\/www.asitec-sl.com\/#website","url":"https:\/\/www.asitec-sl.com\/","name":"Asitec","description":"Ingenier\u00eda, Urbanismos y Medio Ambiente S.L.P.","publisher":{"@id":"https:\/\/www.asitec-sl.com\/#organization"},"potentialAction":[{"@type":"SearchAction","target":{"@type":"EntryPoint","urlTemplate":"https:\/\/www.asitec-sl.com\/?s={search_term_string}"},"query-input":"required name=search_term_string"}],"inLanguage":"en-GB"},{"@type":"Organization","@id":"https:\/\/www.asitec-sl.com\/#organization","name":"ASITEC SLP","url":"https:\/\/www.asitec-sl.com\/","logo":{"@type":"ImageObject","inLanguage":"en-GB","@id":"https:\/\/www.asitec-sl.com\/#\/schema\/logo\/image\/","url":"https:\/\/www.asitec-sl.com\/wp-content\/uploads\/2018\/01\/logo-web-1.png","contentUrl":"https:\/\/www.asitec-sl.com\/wp-content\/uploads\/2018\/01\/logo-web-1.png","width":520,"height":184,"caption":"ASITEC SLP"},"image":{"@id":"https:\/\/www.asitec-sl.com\/#\/schema\/logo\/image\/"},"sameAs":["https:\/\/www.facebook.com\/AsitecSL-1487006038267232\/"]},{"@type":"Person","@id":"https:\/\/www.asitec-sl.com\/#\/schema\/person\/558d0e40562d1be7b8f9071aa6266749","name":"ASITEC","image":{"@type":"ImageObject","inLanguage":"en-GB","@id":"https:\/\/www.asitec-sl.com\/#\/schema\/person\/image\/","url":"https:\/\/secure.gravatar.com\/avatar\/26d04747ce301b54596a69de0312a2ba?s=96&d=mm&r=g","contentUrl":"https:\/\/secure.gravatar.com\/avatar\/26d04747ce301b54596a69de0312a2ba?s=96&d=mm&r=g","caption":"ASITEC"},"url":"https:\/\/www.asitec-sl.com\/en\/author\/desarrollador\/"}]}},"_links":{"self":[{"href":"https:\/\/www.asitec-sl.com\/en\/wp-json\/wp\/v2\/posts\/1055"}],"collection":[{"href":"https:\/\/www.asitec-sl.com\/en\/wp-json\/wp\/v2\/posts"}],"about":[{"href":"https:\/\/www.asitec-sl.com\/en\/wp-json\/wp\/v2\/types\/post"}],"author":[{"embeddable":true,"href":"https:\/\/www.asitec-sl.com\/en\/wp-json\/wp\/v2\/users\/2"}],"replies":[{"embeddable":true,"href":"https:\/\/www.asitec-sl.com\/en\/wp-json\/wp\/v2\/comments?post=1055"}],"version-history":[{"count":1,"href":"https:\/\/www.asitec-sl.com\/en\/wp-json\/wp\/v2\/posts\/1055\/revisions"}],"predecessor-version":[{"id":1107,"href":"https:\/\/www.asitec-sl.com\/en\/wp-json\/wp\/v2\/posts\/1055\/revisions\/1107"}],"wp:featuredmedia":[{"embeddable":true,"href":"https:\/\/www.asitec-sl.com\/en\/wp-json\/wp\/v2\/media\/1042"}],"wp:attachment":[{"href":"https:\/\/www.asitec-sl.com\/en\/wp-json\/wp\/v2\/media?parent=1055"}],"wp:term":[{"taxonomy":"category","embeddable":true,"href":"https:\/\/www.asitec-sl.com\/en\/wp-json\/wp\/v2\/categories?post=1055"},{"taxonomy":"post_tag","embeddable":true,"href":"https:\/\/www.asitec-sl.com\/en\/wp-json\/wp\/v2\/tags?post=1055"}],"curies":[{"name":"wp","href":"https:\/\/api.w.org\/{rel}","templated":true}]}}